{"id":2408,"date":"2023-08-18T10:31:48","date_gmt":"2023-08-18T08:31:48","guid":{"rendered":"https:\/\/www.mmc.nl\/neurologie\/?p=2408"},"modified":"2023-08-18T10:39:20","modified_gmt":"2023-08-18T08:39:20","slug":"informatieavond-over-vermoeidheid-bij-ms","status":"publish","type":"post","link":"https:\/\/www.mmc.nl\/neurologie\/nieuws\/2408\/informatieavond-over-vermoeidheid-bij-ms\/","title":{"rendered":"Informatieavond over vermoeidheid bij MS"},"content":{"rendered":"<p><strong>MS Vereniging Nederland en M\u00e1xima MC nodigen u uit voor een informatieavond met als thema \u2018vermoeidheid\u2019.<\/strong><\/p>\n<p><img decoding=\"async\" class=\"alignnone wp-image-2414 lazyload\" data-src=\"https:\/\/www.mmc.nl\/neurologie\/wp-content\/uploads\/sites\/27\/2023\/08\/Logo-MSVN-Brabant-zuid-Oost-01-600x500-1.png\" alt=\"\" width=\"200\" height=\"167\" data-srcset=\"https:\/\/www.mmc.nl\/neurologie\/wp-content\/uploads\/sites\/27\/2023\/08\/Logo-MSVN-Brabant-zuid-Oost-01-600x500-1.png 600w, https:\/\/www.mmc.nl\/neurologie\/wp-content\/uploads\/sites\/27\/2023\/08\/Logo-MSVN-Brabant-zuid-Oost-01-600x500-1-300x250.png 300w, https:\/\/www.mmc.nl\/neurologie\/wp-content\/uploads\/sites\/27\/2023\/08\/Logo-MSVN-Brabant-zuid-Oost-01-600x500-1-150x125.png 150w\" data-sizes=\"(max-width: 200px) 100vw, 200px\" src=\"data:image\/svg+xml;base64,PHN2ZyB3aWR0aD0iMSIgaGVpZ2h0PSIxIiB4bWxucz0iaHR0cDovL3d3dy53My5vcmcvMjAwMC9zdmciPjwvc3ZnPg==\" style=\"--smush-placeholder-width: 200px; --smush-placeholder-aspect-ratio: 200\/167;\" \/><\/p>\n<p><strong>Datum<\/strong>: donderdag 7 september 2023<br \/>\n<strong>Tijd<\/strong>: 19.00 uur (inloop vanaf 18.30 uur)<br \/>\n<strong>Locatie<\/strong>: Auditorium (route 046) in M\u00e1xima MC, locatie Veldhoven (De Run 4600, 5504 DB Veldhoven)<\/p>\n<h3>Programma<\/h3>\n<p><strong>18.30 uur:<\/strong> Ontvangst met koffie en thee<br \/>\n<strong>19.00 uur<\/strong>: Welkomstwoord<br \/>\n<strong>19.05 uur<\/strong>: M. Peeters (neuroloog in M\u00e1xima MC), S. Kuppens (revalidatiearts in M\u00e1xima MC) en M. van de Wal (GZ-psycholoog in opleiding tot klinisch psycholoog in M\u00e1xima MC) over vermoeidheid bij MS<br \/>\n<strong>20.05 uur<\/strong>: Pauze met koffie en thee<br \/>\n<strong>20.30 uur<\/strong>: Joanna Venderbos (coach bij Upendo) over de rol van coaching<br \/>\n<strong>21.00 uur<\/strong>: Afsluiting<\/p>\n<h3>Kosten<\/h3>\n<p>Deelname voor leden van de MS Vereniging is gratis.<br \/>\nNiet- leden vragen we een bijdrage van \u20ac 2,50 over te maken naar NL86 ASNB 0782 4003 53 t.a.v. Y. Soede. Graag aanmelden voor 31 augustus 2023.<\/p>\n<h3>Aanmelden<\/h3>\n<p>Aanmelden kan via de website van de <a href=\"https:\/\/msvereniging.nl\/events\/informatieavond-2023-vermoeidheid\/'\" target=\"_blank\" rel=\"noopener\">MS Vereniging Nederland<\/a>.<\/p>\n","protected":false},"excerpt":{"rendered":"<p>MS Vereniging Nederland en M\u00e1xima MC nodigen u uit voor een informatieavond met als thema \u2018vermoeidheid\u2019. Datum: donderdag 7 september 2023 Tijd: 19.00 uur (inloop vanaf 18.30 uur) Locatie: Auditorium (route 046) in M\u00e1xima MC, locatie Veldhoven (De Run 4600, 5504 DB Veldhoven) Programma 18.30 uur: Ontvangst met koffie en thee 19.00 uur: Welkomstwoord 19.05 [&hellip;]<\/p>\n","protected":false},"author":150,"featured_media":1,"comment_status":"closed","ping_status":"closed","sticky":false,"template":"","format":"standard","meta":{"_acf_changed":false,"ep_exclude_from_search":false,"footnotes":""},"categories":[1],"tags":[],"class_list":["post-2408","post","type-post","status-publish","format-standard","has-post-thumbnail","hentry","category-geen-categorie"],"acf":[],"yoast_head":"<!-- This site is optimized with the Yoast SEO Premium plugin v27.3 (Yoast SEO v27.3) - https:\/\/yoast.com\/product\/yoast-seo-premium-wordpress\/ -->\n<title>Informatieavond over vermoeidheid bij MS - Neurologie<\/title>\n<meta name=\"robots\" content=\"index, follow, max-snippet:-1, max-image-preview:large, max-video-preview:-1\" \/>\n<link rel=\"canonical\" href=\"https:\/\/www.mmc.nl\/neurologie\/nieuws\/2408\/informatieavond-over-vermoeidheid-bij-ms\/\" \/>\n<meta property=\"og:locale\" content=\"nl_NL\" \/>\n<meta property=\"og:type\" content=\"article\" \/>\n<meta property=\"og:title\" content=\"Informatieavond over vermoeidheid bij MS\" \/>\n<meta property=\"og:description\" content=\"MS Vereniging Nederland en M\u00e1xima MC nodigen u uit voor een informatieavond met als thema \u2018vermoeidheid\u2019. Datum: donderdag 7 september 2023 Tijd: 19.00 uur (inloop vanaf 18.30 uur) Locatie: Auditorium (route 046) in M\u00e1xima MC, locatie Veldhoven (De Run 4600, 5504 DB Veldhoven) Programma 18.30 uur: Ontvangst met koffie en thee 19.00 uur: Welkomstwoord 19.05 [&hellip;]\" \/>\n<meta property=\"og:url\" content=\"https:\/\/www.mmc.nl\/neurologie\/nieuws\/2408\/informatieavond-over-vermoeidheid-bij-ms\/\" \/>\n<meta property=\"og:site_name\" content=\"Neurologie\" \/>\n<meta property=\"article:published_time\" content=\"2023-08-18T08:31:48+00:00\" \/>\n<meta property=\"article:modified_time\" content=\"2023-08-18T08:39:20+00:00\" \/>\n<meta name=\"author\" content=\"bnijssen\" \/>\n<meta name=\"twitter:card\" content=\"summary_large_image\" \/>\n<meta name=\"twitter:label1\" content=\"Geschreven door\" \/>\n\t<meta name=\"twitter:data1\" content=\"bnijssen\" \/>\n\t<meta name=\"twitter:label2\" content=\"Geschatte leestijd\" \/>\n\t<meta name=\"twitter:data2\" content=\"1 minuut\" \/>\n<script type=\"application\/ld+json\" class=\"yoast-schema-graph\">{\"@context\":\"https:\\\/\\\/schema.org\",\"@graph\":[{\"@type\":\"Article\",\"@id\":\"https:\\\/\\\/www.mmc.nl\\\/neurologie\\\/nieuws\\\/2408\\\/informatieavond-over-vermoeidheid-bij-ms\\\/#article\",\"isPartOf\":{\"@id\":\"https:\\\/\\\/www.mmc.nl\\\/neurologie\\\/nieuws\\\/2408\\\/informatieavond-over-vermoeidheid-bij-ms\\\/\"},\"author\":{\"name\":\"bnijssen\",\"@id\":\"https:\\\/\\\/www.mmc.nl\\\/neurologie\\\/#\\\/schema\\\/person\\\/f7d695e539e90308dc11251b45691a2e\"},\"headline\":\"Informatieavond over vermoeidheid bij MS\",\"datePublished\":\"2023-08-18T08:31:48+00:00\",\"dateModified\":\"2023-08-18T08:39:20+00:00\",\"mainEntityOfPage\":{\"@id\":\"https:\\\/\\\/www.mmc.nl\\\/neurologie\\\/nieuws\\\/2408\\\/informatieavond-over-vermoeidheid-bij-ms\\\/\"},\"wordCount\":148,\"image\":{\"@id\":\"https:\\\/\\\/www.mmc.nl\\\/neurologie\\\/nieuws\\\/2408\\\/informatieavond-over-vermoeidheid-bij-ms\\\/#primaryimage\"},\"thumbnailUrl\":\"\",\"articleSection\":[\"Geen categorie\"],\"inLanguage\":\"nl-NL\"},{\"@type\":\"WebPage\",\"@id\":\"https:\\\/\\\/www.mmc.nl\\\/neurologie\\\/nieuws\\\/2408\\\/informatieavond-over-vermoeidheid-bij-ms\\\/\",\"url\":\"https:\\\/\\\/www.mmc.nl\\\/neurologie\\\/nieuws\\\/2408\\\/informatieavond-over-vermoeidheid-bij-ms\\\/\",\"name\":\"Informatieavond over vermoeidheid bij MS - Neurologie\",\"isPartOf\":{\"@id\":\"https:\\\/\\\/www.mmc.nl\\\/neurologie\\\/#website\"},\"primaryImageOfPage\":{\"@id\":\"https:\\\/\\\/www.mmc.nl\\\/neurologie\\\/nieuws\\\/2408\\\/informatieavond-over-vermoeidheid-bij-ms\\\/#primaryimage\"},\"image\":{\"@id\":\"https:\\\/\\\/www.mmc.nl\\\/neurologie\\\/nieuws\\\/2408\\\/informatieavond-over-vermoeidheid-bij-ms\\\/#primaryimage\"},\"thumbnailUrl\":\"\",\"datePublished\":\"2023-08-18T08:31:48+00:00\",\"dateModified\":\"2023-08-18T08:39:20+00:00\",\"author\":{\"@id\":\"https:\\\/\\\/www.mmc.nl\\\/neurologie\\\/#\\\/schema\\\/person\\\/f7d695e539e90308dc11251b45691a2e\"},\"breadcrumb\":{\"@id\":\"https:\\\/\\\/www.mmc.nl\\\/neurologie\\\/nieuws\\\/2408\\\/informatieavond-over-vermoeidheid-bij-ms\\\/#breadcrumb\"},\"inLanguage\":\"nl-NL\",\"potentialAction\":[{\"@type\":\"ReadAction\",\"target\":[\"https:\\\/\\\/www.mmc.nl\\\/neurologie\\\/nieuws\\\/2408\\\/informatieavond-over-vermoeidheid-bij-ms\\\/\"]}]},{\"@type\":\"ImageObject\",\"inLanguage\":\"nl-NL\",\"@id\":\"https:\\\/\\\/www.mmc.nl\\\/neurologie\\\/nieuws\\\/2408\\\/informatieavond-over-vermoeidheid-bij-ms\\\/#primaryimage\",\"url\":\"\",\"contentUrl\":\"\"},{\"@type\":\"BreadcrumbList\",\"@id\":\"https:\\\/\\\/www.mmc.nl\\\/neurologie\\\/nieuws\\\/2408\\\/informatieavond-over-vermoeidheid-bij-ms\\\/#breadcrumb\",\"itemListElement\":[{\"@type\":\"ListItem\",\"position\":1,\"name\":\"Neurologie\",\"item\":\"https:\\\/\\\/www.mmc.nl\\\/neurologie\\\/\"},{\"@type\":\"ListItem\",\"position\":2,\"name\":\"Informatieavond over vermoeidheid bij MS\"}]},{\"@type\":\"WebSite\",\"@id\":\"https:\\\/\\\/www.mmc.nl\\\/neurologie\\\/#website\",\"url\":\"https:\\\/\\\/www.mmc.nl\\\/neurologie\\\/\",\"name\":\"Neurologie\",\"description\":\"\",\"potentialAction\":[{\"@type\":\"SearchAction\",\"target\":{\"@type\":\"EntryPoint\",\"urlTemplate\":\"https:\\\/\\\/www.mmc.nl\\\/neurologie\\\/?s={search_term_string}\"},\"query-input\":{\"@type\":\"PropertyValueSpecification\",\"valueRequired\":true,\"valueName\":\"search_term_string\"}}],\"inLanguage\":\"nl-NL\"},{\"@type\":\"Person\",\"@id\":\"https:\\\/\\\/www.mmc.nl\\\/neurologie\\\/#\\\/schema\\\/person\\\/f7d695e539e90308dc11251b45691a2e\",\"name\":\"bnijssen\",\"image\":{\"@type\":\"ImageObject\",\"inLanguage\":\"nl-NL\",\"@id\":\"https:\\\/\\\/secure.gravatar.com\\\/avatar\\\/d7cfda9428feee9794248212d5c1c0e783b104b286c2b669c745226b9708afd1?s=96&d=mm&r=g\",\"url\":\"https:\\\/\\\/secure.gravatar.com\\\/avatar\\\/d7cfda9428feee9794248212d5c1c0e783b104b286c2b669c745226b9708afd1?s=96&d=mm&r=g\",\"contentUrl\":\"https:\\\/\\\/secure.gravatar.com\\\/avatar\\\/d7cfda9428feee9794248212d5c1c0e783b104b286c2b669c745226b9708afd1?s=96&d=mm&r=g\",\"caption\":\"bnijssen\"},\"url\":\"https:\\\/\\\/www.mmc.nl\\\/neurologie\\\/nieuws\\\/author\\\/bnijssen\\\/\"}]}<\/script>\n<!-- \/ Yoast SEO Premium plugin. -->","yoast_head_json":{"title":"Informatieavond over vermoeidheid bij MS - Neurologie","robots":{"index":"index","follow":"follow","max-snippet":"max-snippet:-1","max-image-preview":"max-image-preview:large","max-video-preview":"max-video-preview:-1"},"canonical":"https:\/\/www.mmc.nl\/neurologie\/nieuws\/2408\/informatieavond-over-vermoeidheid-bij-ms\/","og_locale":"nl_NL","og_type":"article","og_title":"Informatieavond over vermoeidheid bij MS","og_description":"MS Vereniging Nederland en M\u00e1xima MC nodigen u uit voor een informatieavond met als thema \u2018vermoeidheid\u2019. Datum: donderdag 7 september 2023 Tijd: 19.00 uur (inloop vanaf 18.30 uur) Locatie: Auditorium (route 046) in M\u00e1xima MC, locatie Veldhoven (De Run 4600, 5504 DB Veldhoven) Programma 18.30 uur: Ontvangst met koffie en thee 19.00 uur: Welkomstwoord 19.05 [&hellip;]","og_url":"https:\/\/www.mmc.nl\/neurologie\/nieuws\/2408\/informatieavond-over-vermoeidheid-bij-ms\/","og_site_name":"Neurologie","article_published_time":"2023-08-18T08:31:48+00:00","article_modified_time":"2023-08-18T08:39:20+00:00","author":"bnijssen","twitter_card":"summary_large_image","twitter_misc":{"Geschreven door":"bnijssen","Geschatte leestijd":"1 minuut"},"schema":{"@context":"https:\/\/schema.org","@graph":[{"@type":"Article","@id":"https:\/\/www.mmc.nl\/neurologie\/nieuws\/2408\/informatieavond-over-vermoeidheid-bij-ms\/#article","isPartOf":{"@id":"https:\/\/www.mmc.nl\/neurologie\/nieuws\/2408\/informatieavond-over-vermoeidheid-bij-ms\/"},"author":{"name":"bnijssen","@id":"https:\/\/www.mmc.nl\/neurologie\/#\/schema\/person\/f7d695e539e90308dc11251b45691a2e"},"headline":"Informatieavond over vermoeidheid bij MS","datePublished":"2023-08-18T08:31:48+00:00","dateModified":"2023-08-18T08:39:20+00:00","mainEntityOfPage":{"@id":"https:\/\/www.mmc.nl\/neurologie\/nieuws\/2408\/informatieavond-over-vermoeidheid-bij-ms\/"},"wordCount":148,"image":{"@id":"https:\/\/www.mmc.nl\/neurologie\/nieuws\/2408\/informatieavond-over-vermoeidheid-bij-ms\/#primaryimage"},"thumbnailUrl":"","articleSection":["Geen categorie"],"inLanguage":"nl-NL"},{"@type":"WebPage","@id":"https:\/\/www.mmc.nl\/neurologie\/nieuws\/2408\/informatieavond-over-vermoeidheid-bij-ms\/","url":"https:\/\/www.mmc.nl\/neurologie\/nieuws\/2408\/informatieavond-over-vermoeidheid-bij-ms\/","name":"Informatieavond over vermoeidheid bij MS - Neurologie","isPartOf":{"@id":"https:\/\/www.mmc.nl\/neurologie\/#website"},"primaryImageOfPage":{"@id":"https:\/\/www.mmc.nl\/neurologie\/nieuws\/2408\/informatieavond-over-vermoeidheid-bij-ms\/#primaryimage"},"image":{"@id":"https:\/\/www.mmc.nl\/neurologie\/nieuws\/2408\/informatieavond-over-vermoeidheid-bij-ms\/#primaryimage"},"thumbnailUrl":"","datePublished":"2023-08-18T08:31:48+00:00","dateModified":"2023-08-18T08:39:20+00:00","author":{"@id":"https:\/\/www.mmc.nl\/neurologie\/#\/schema\/person\/f7d695e539e90308dc11251b45691a2e"},"breadcrumb":{"@id":"https:\/\/www.mmc.nl\/neurologie\/nieuws\/2408\/informatieavond-over-vermoeidheid-bij-ms\/#breadcrumb"},"inLanguage":"nl-NL","potentialAction":[{"@type":"ReadAction","target":["https:\/\/www.mmc.nl\/neurologie\/nieuws\/2408\/informatieavond-over-vermoeidheid-bij-ms\/"]}]},{"@type":"ImageObject","inLanguage":"nl-NL","@id":"https:\/\/www.mmc.nl\/neurologie\/nieuws\/2408\/informatieavond-over-vermoeidheid-bij-ms\/#primaryimage","url":"","contentUrl":""},{"@type":"BreadcrumbList","@id":"https:\/\/www.mmc.nl\/neurologie\/nieuws\/2408\/informatieavond-over-vermoeidheid-bij-ms\/#breadcrumb","itemListElement":[{"@type":"ListItem","position":1,"name":"Neurologie","item":"https:\/\/www.mmc.nl\/neurologie\/"},{"@type":"ListItem","position":2,"name":"Informatieavond over vermoeidheid bij MS"}]},{"@type":"WebSite","@id":"https:\/\/www.mmc.nl\/neurologie\/#website","url":"https:\/\/www.mmc.nl\/neurologie\/","name":"Neurologie","description":"","potentialAction":[{"@type":"SearchAction","target":{"@type":"EntryPoint","urlTemplate":"https:\/\/www.mmc.nl\/neurologie\/?s={search_term_string}"},"query-input":{"@type":"PropertyValueSpecification","valueRequired":true,"valueName":"search_term_string"}}],"inLanguage":"nl-NL"},{"@type":"Person","@id":"https:\/\/www.mmc.nl\/neurologie\/#\/schema\/person\/f7d695e539e90308dc11251b45691a2e","name":"bnijssen","image":{"@type":"ImageObject","inLanguage":"nl-NL","@id":"https:\/\/secure.gravatar.com\/avatar\/d7cfda9428feee9794248212d5c1c0e783b104b286c2b669c745226b9708afd1?s=96&d=mm&r=g","url":"https:\/\/secure.gravatar.com\/avatar\/d7cfda9428feee9794248212d5c1c0e783b104b286c2b669c745226b9708afd1?s=96&d=mm&r=g","contentUrl":"https:\/\/secure.gravatar.com\/avatar\/d7cfda9428feee9794248212d5c1c0e783b104b286c2b669c745226b9708afd1?s=96&d=mm&r=g","caption":"bnijssen"},"url":"https:\/\/www.mmc.nl\/neurologie\/nieuws\/author\/bnijssen\/"}]}},"_links":{"self":[{"href":"https:\/\/www.mmc.nl\/neurologie\/wp-json\/wp\/v2\/posts\/2408","targetHints":{"allow":["GET"]}}],"collection":[{"href":"https:\/\/www.mmc.nl\/neurologie\/wp-json\/wp\/v2\/posts"}],"about":[{"href":"https:\/\/www.mmc.nl\/neurologie\/wp-json\/wp\/v2\/types\/post"}],"author":[{"embeddable":true,"href":"https:\/\/www.mmc.nl\/neurologie\/wp-json\/wp\/v2\/users\/150"}],"replies":[{"embeddable":true,"href":"https:\/\/www.mmc.nl\/neurologie\/wp-json\/wp\/v2\/comments?post=2408"}],"version-history":[{"count":6,"href":"https:\/\/www.mmc.nl\/neurologie\/wp-json\/wp\/v2\/posts\/2408\/revisions"}],"predecessor-version":[{"id":2429,"href":"https:\/\/www.mmc.nl\/neurologie\/wp-json\/wp\/v2\/posts\/2408\/revisions\/2429"}],"wp:featuredmedia":[{"embeddable":true,"href":"https:\/\/www.mmc.nl\/neurologie\/wp-json\/"}],"wp:attachment":[{"href":"https:\/\/www.mmc.nl\/neurologie\/wp-json\/wp\/v2\/media?parent=2408"}],"wp:term":[{"taxonomy":"category","embeddable":true,"href":"https:\/\/www.mmc.nl\/neurologie\/wp-json\/wp\/v2\/categories?post=2408"},{"taxonomy":"post_tag","embeddable":true,"href":"https:\/\/www.mmc.nl\/neurologie\/wp-json\/wp\/v2\/tags?post=2408"}],"curies":[{"name":"wp","href":"https:\/\/api.w.org\/{rel}","templated":true}]}}