{"id":4284,"date":"2021-03-15T11:31:53","date_gmt":"2021-03-15T10:31:53","guid":{"rendered":"https:\/\/www.mmc.nl\/oncologie\/?p=4284"},"modified":"2021-10-13T09:50:00","modified_gmt":"2021-10-13T07:50:00","slug":"corona-vaccinatie-bij-kankerpatienten","status":"publish","type":"post","link":"https:\/\/www.mmc.nl\/oncologie\/nieuws\/4284\/corona-vaccinatie-bij-kankerpatienten\/","title":{"rendered":"Corona-vaccinatie bij kankerpati\u00ebnten"},"content":{"rendered":"<p>We krijgen veel vragen over vaccinatie tegen het coronavirus bij kankerpati\u00ebnten. We begrijpen dat u zich mogelijk zorgen maakt en hier vragen over heeft. Op <a href=\"https:\/\/www.kanker.nl\/coronavirus-en-kanker\/vragen-over-corona-en-kanker\" target=\"_blank\" rel=\"noopener noreferrer\">deze pagina<\/a> van Kanker.nl vindt u antwoorden op de meestgestelde vragen over het coronavaccin bij kanker. Het kan zijn dat het in uw situatie anders is.<\/p>\n<h3>Hematologie<\/h3>\n<p>Voor vragen over de coronavaccinatie bij hematologische pati\u00ebnten verwijzen we u door naar Hematologie Nederland. Op <a href=\"https:\/\/hematologienederland.nl\/covid-19\/\" target=\"_blank\" rel=\"noopener noreferrer\">deze pagina<\/a> vindt u antwoorden op de meestgestelde vragen over het corona-vaccin bij hematologie.<\/p>\n<p>Kijk voor meer informatie en ontwikkelingen van het coronavaccin op <a href=\"https:\/\/www.rijksoverheid.nl\/onderwerpen\/coronavirus-vaccinatie\">de website van het RIVM<\/a>.<\/p>\n<h3>Derde coronavaccinatie<\/h3>\n<p>Pati\u00ebnten die voor een derde coronavaccinatie in aanmerking komen, ontvangen vanaf oktober 2021 een uitnodiging van M\u00e1xima MC. Lees meer over de <a href=\"https:\/\/www.mmc.nl\/internegeneeskunde\/nieuws\/2102\/informatie-over-derde-coronavaccinatie\/\">derde coronavaccinatie<\/a>.<\/p>\n","protected":false},"excerpt":{"rendered":"<p>We krijgen veel vragen over vaccinatie tegen het coronavirus bij kankerpati\u00ebnten. We begrijpen dat u zich mogelijk zorgen maakt en hier vragen over heeft. Op deze pagina van Kanker.nl vindt u antwoorden op de meestgestelde vragen over het coronavaccin bij kanker. Het kan zijn dat het in uw situatie anders is. Hematologie Voor vragen over [&hellip;]<\/p>\n","protected":false},"author":3,"featured_media":4284,"comment_status":"closed","ping_status":"closed","sticky":false,"template":"","format":"standard","meta":{"_acf_changed":false,"ep_exclude_from_search":false,"footnotes":""},"categories":[1],"tags":[],"class_list":["post-4284","post","type-post","status-publish","format-standard","has-post-thumbnail","hentry","category-geen-categorie"],"acf":[],"yoast_head":"<!-- This site is optimized with the Yoast SEO Premium plugin v27.3 (Yoast SEO v27.3) - https:\/\/yoast.com\/product\/yoast-seo-premium-wordpress\/ -->\n<title>Corona-vaccinatie bij kankerpati\u00ebnten - M\u00e1xima Oncologisch Centrum<\/title>\n<meta name=\"description\" content=\"We krijgen veel vragen over vaccinatie tegen het coronavirus bij kankerpati\u00ebnten. We begrijpen dat u zich mogelijk zorgen maakt en hier vragen over heeft.\" \/>\n<meta name=\"robots\" content=\"index, follow, max-snippet:-1, max-image-preview:large, max-video-preview:-1\" \/>\n<link rel=\"canonical\" href=\"https:\/\/www.mmc.nl\/oncologie\/nieuws\/4284\/corona-vaccinatie-bij-kankerpatienten\/\" \/>\n<meta property=\"og:locale\" content=\"nl_NL\" \/>\n<meta property=\"og:type\" content=\"article\" \/>\n<meta property=\"og:title\" content=\"Corona-vaccinatie bij kankerpati\u00ebnten\" \/>\n<meta property=\"og:description\" content=\"We krijgen veel vragen over vaccinatie tegen het coronavirus bij kankerpati\u00ebnten. We begrijpen dat u zich mogelijk zorgen maakt en hier vragen over heeft.\" \/>\n<meta property=\"og:url\" content=\"https:\/\/www.mmc.nl\/oncologie\/nieuws\/4284\/corona-vaccinatie-bij-kankerpatienten\/\" \/>\n<meta property=\"og:site_name\" content=\"M\u00e1xima Oncologisch Centrum\" \/>\n<meta property=\"article:published_time\" content=\"2021-03-15T10:31:53+00:00\" \/>\n<meta property=\"article:modified_time\" content=\"2021-10-13T07:50:00+00:00\" \/>\n<meta name=\"author\" content=\"Shirin\" \/>\n<meta name=\"twitter:card\" content=\"summary_large_image\" \/>\n<meta name=\"twitter:label1\" content=\"Geschreven door\" \/>\n\t<meta name=\"twitter:data1\" content=\"Shirin\" \/>\n\t<meta name=\"twitter:label2\" content=\"Geschatte leestijd\" \/>\n\t<meta name=\"twitter:data2\" content=\"1 minuut\" \/>\n<script type=\"application\/ld+json\" class=\"yoast-schema-graph\">{\"@context\":\"https:\\\/\\\/schema.org\",\"@graph\":[{\"@type\":\"Article\",\"@id\":\"https:\\\/\\\/www.mmc.nl\\\/oncologie\\\/nieuws\\\/4284\\\/corona-vaccinatie-bij-kankerpatienten\\\/#article\",\"isPartOf\":{\"@id\":\"https:\\\/\\\/www.mmc.nl\\\/oncologie\\\/nieuws\\\/4284\\\/corona-vaccinatie-bij-kankerpatienten\\\/\"},\"author\":{\"name\":\"Shirin\",\"@id\":\"https:\\\/\\\/www.mmc.nl\\\/oncologie\\\/#\\\/schema\\\/person\\\/0d026f09808c8fb5f4e9f1f4bcc14a2b\"},\"headline\":\"Corona-vaccinatie bij kankerpati\u00ebnten\",\"datePublished\":\"2021-03-15T10:31:53+00:00\",\"dateModified\":\"2021-10-13T07:50:00+00:00\",\"mainEntityOfPage\":{\"@id\":\"https:\\\/\\\/www.mmc.nl\\\/oncologie\\\/nieuws\\\/4284\\\/corona-vaccinatie-bij-kankerpatienten\\\/\"},\"wordCount\":131,\"image\":{\"@id\":\"https:\\\/\\\/www.mmc.nl\\\/oncologie\\\/nieuws\\\/4284\\\/corona-vaccinatie-bij-kankerpatienten\\\/#primaryimage\"},\"thumbnailUrl\":\"https:\\\/\\\/www.mmc.nl\\\/oncologie\\\/wp-content\\\/uploads\\\/sites\\\/29\\\/2020\\\/03\\\/Corona-COVID-breed.jpg\",\"articleSection\":[\"Geen categorie\"],\"inLanguage\":\"nl-NL\"},{\"@type\":\"WebPage\",\"@id\":\"https:\\\/\\\/www.mmc.nl\\\/oncologie\\\/nieuws\\\/4284\\\/corona-vaccinatie-bij-kankerpatienten\\\/\",\"url\":\"https:\\\/\\\/www.mmc.nl\\\/oncologie\\\/nieuws\\\/4284\\\/corona-vaccinatie-bij-kankerpatienten\\\/\",\"name\":\"Corona-vaccinatie bij kankerpati\u00ebnten - M\u00e1xima Oncologisch Centrum\",\"isPartOf\":{\"@id\":\"https:\\\/\\\/www.mmc.nl\\\/oncologie\\\/#website\"},\"primaryImageOfPage\":{\"@id\":\"https:\\\/\\\/www.mmc.nl\\\/oncologie\\\/nieuws\\\/4284\\\/corona-vaccinatie-bij-kankerpatienten\\\/#primaryimage\"},\"image\":{\"@id\":\"https:\\\/\\\/www.mmc.nl\\\/oncologie\\\/nieuws\\\/4284\\\/corona-vaccinatie-bij-kankerpatienten\\\/#primaryimage\"},\"thumbnailUrl\":\"https:\\\/\\\/www.mmc.nl\\\/oncologie\\\/wp-content\\\/uploads\\\/sites\\\/29\\\/2020\\\/03\\\/Corona-COVID-breed.jpg\",\"datePublished\":\"2021-03-15T10:31:53+00:00\",\"dateModified\":\"2021-10-13T07:50:00+00:00\",\"author\":{\"@id\":\"https:\\\/\\\/www.mmc.nl\\\/oncologie\\\/#\\\/schema\\\/person\\\/0d026f09808c8fb5f4e9f1f4bcc14a2b\"},\"description\":\"We krijgen veel vragen over vaccinatie tegen het coronavirus bij kankerpati\u00ebnten. We begrijpen dat u zich mogelijk zorgen maakt en hier vragen over heeft.\",\"breadcrumb\":{\"@id\":\"https:\\\/\\\/www.mmc.nl\\\/oncologie\\\/nieuws\\\/4284\\\/corona-vaccinatie-bij-kankerpatienten\\\/#breadcrumb\"},\"inLanguage\":\"nl-NL\",\"potentialAction\":[{\"@type\":\"ReadAction\",\"target\":[\"https:\\\/\\\/www.mmc.nl\\\/oncologie\\\/nieuws\\\/4284\\\/corona-vaccinatie-bij-kankerpatienten\\\/\"]}]},{\"@type\":\"ImageObject\",\"inLanguage\":\"nl-NL\",\"@id\":\"https:\\\/\\\/www.mmc.nl\\\/oncologie\\\/nieuws\\\/4284\\\/corona-vaccinatie-bij-kankerpatienten\\\/#primaryimage\",\"url\":\"https:\\\/\\\/www.mmc.nl\\\/oncologie\\\/wp-content\\\/uploads\\\/sites\\\/29\\\/2020\\\/03\\\/Corona-COVID-breed.jpg\",\"contentUrl\":\"https:\\\/\\\/www.mmc.nl\\\/oncologie\\\/wp-content\\\/uploads\\\/sites\\\/29\\\/2020\\\/03\\\/Corona-COVID-breed.jpg\"},{\"@type\":\"BreadcrumbList\",\"@id\":\"https:\\\/\\\/www.mmc.nl\\\/oncologie\\\/nieuws\\\/4284\\\/corona-vaccinatie-bij-kankerpatienten\\\/#breadcrumb\",\"itemListElement\":[{\"@type\":\"ListItem\",\"position\":1,\"name\":\"M\u00e1xima Oncologisch Centrum\",\"item\":\"https:\\\/\\\/www.mmc.nl\\\/oncologie\\\/\"},{\"@type\":\"ListItem\",\"position\":2,\"name\":\"Corona-vaccinatie bij kankerpati\u00ebnten\"}]},{\"@type\":\"WebSite\",\"@id\":\"https:\\\/\\\/www.mmc.nl\\\/oncologie\\\/#website\",\"url\":\"https:\\\/\\\/www.mmc.nl\\\/oncologie\\\/\",\"name\":\"M\u00e1xima Oncologisch Centrum\",\"description\":\"\",\"potentialAction\":[{\"@type\":\"SearchAction\",\"target\":{\"@type\":\"EntryPoint\",\"urlTemplate\":\"https:\\\/\\\/www.mmc.nl\\\/oncologie\\\/?s={search_term_string}\"},\"query-input\":{\"@type\":\"PropertyValueSpecification\",\"valueRequired\":true,\"valueName\":\"search_term_string\"}}],\"inLanguage\":\"nl-NL\"},{\"@type\":\"Person\",\"@id\":\"https:\\\/\\\/www.mmc.nl\\\/oncologie\\\/#\\\/schema\\\/person\\\/0d026f09808c8fb5f4e9f1f4bcc14a2b\",\"name\":\"Shirin\",\"image\":{\"@type\":\"ImageObject\",\"inLanguage\":\"nl-NL\",\"@id\":\"https:\\\/\\\/secure.gravatar.com\\\/avatar\\\/850343d12bff780ff6e007c69897bd18f62d4951e962323238f18999e17076be?s=96&d=mm&r=g\",\"url\":\"https:\\\/\\\/secure.gravatar.com\\\/avatar\\\/850343d12bff780ff6e007c69897bd18f62d4951e962323238f18999e17076be?s=96&d=mm&r=g\",\"contentUrl\":\"https:\\\/\\\/secure.gravatar.com\\\/avatar\\\/850343d12bff780ff6e007c69897bd18f62d4951e962323238f18999e17076be?s=96&d=mm&r=g\",\"caption\":\"Shirin\"},\"url\":\"https:\\\/\\\/www.mmc.nl\\\/oncologie\\\/nieuws\\\/author\\\/svanvondel\\\/\"}]}<\/script>\n<!-- \/ Yoast SEO Premium plugin. -->","yoast_head_json":{"title":"Corona-vaccinatie bij kankerpati\u00ebnten - M\u00e1xima Oncologisch Centrum","description":"We krijgen veel vragen over vaccinatie tegen het coronavirus bij kankerpati\u00ebnten. We begrijpen dat u zich mogelijk zorgen maakt en hier vragen over heeft.","robots":{"index":"index","follow":"follow","max-snippet":"max-snippet:-1","max-image-preview":"max-image-preview:large","max-video-preview":"max-video-preview:-1"},"canonical":"https:\/\/www.mmc.nl\/oncologie\/nieuws\/4284\/corona-vaccinatie-bij-kankerpatienten\/","og_locale":"nl_NL","og_type":"article","og_title":"Corona-vaccinatie bij kankerpati\u00ebnten","og_description":"We krijgen veel vragen over vaccinatie tegen het coronavirus bij kankerpati\u00ebnten. We begrijpen dat u zich mogelijk zorgen maakt en hier vragen over heeft.","og_url":"https:\/\/www.mmc.nl\/oncologie\/nieuws\/4284\/corona-vaccinatie-bij-kankerpatienten\/","og_site_name":"M\u00e1xima Oncologisch Centrum","article_published_time":"2021-03-15T10:31:53+00:00","article_modified_time":"2021-10-13T07:50:00+00:00","author":"Shirin","twitter_card":"summary_large_image","twitter_misc":{"Geschreven door":"Shirin","Geschatte leestijd":"1 minuut"},"schema":{"@context":"https:\/\/schema.org","@graph":[{"@type":"Article","@id":"https:\/\/www.mmc.nl\/oncologie\/nieuws\/4284\/corona-vaccinatie-bij-kankerpatienten\/#article","isPartOf":{"@id":"https:\/\/www.mmc.nl\/oncologie\/nieuws\/4284\/corona-vaccinatie-bij-kankerpatienten\/"},"author":{"name":"Shirin","@id":"https:\/\/www.mmc.nl\/oncologie\/#\/schema\/person\/0d026f09808c8fb5f4e9f1f4bcc14a2b"},"headline":"Corona-vaccinatie bij kankerpati\u00ebnten","datePublished":"2021-03-15T10:31:53+00:00","dateModified":"2021-10-13T07:50:00+00:00","mainEntityOfPage":{"@id":"https:\/\/www.mmc.nl\/oncologie\/nieuws\/4284\/corona-vaccinatie-bij-kankerpatienten\/"},"wordCount":131,"image":{"@id":"https:\/\/www.mmc.nl\/oncologie\/nieuws\/4284\/corona-vaccinatie-bij-kankerpatienten\/#primaryimage"},"thumbnailUrl":"https:\/\/www.mmc.nl\/oncologie\/wp-content\/uploads\/sites\/29\/2020\/03\/Corona-COVID-breed.jpg","articleSection":["Geen categorie"],"inLanguage":"nl-NL"},{"@type":"WebPage","@id":"https:\/\/www.mmc.nl\/oncologie\/nieuws\/4284\/corona-vaccinatie-bij-kankerpatienten\/","url":"https:\/\/www.mmc.nl\/oncologie\/nieuws\/4284\/corona-vaccinatie-bij-kankerpatienten\/","name":"Corona-vaccinatie bij kankerpati\u00ebnten - M\u00e1xima Oncologisch Centrum","isPartOf":{"@id":"https:\/\/www.mmc.nl\/oncologie\/#website"},"primaryImageOfPage":{"@id":"https:\/\/www.mmc.nl\/oncologie\/nieuws\/4284\/corona-vaccinatie-bij-kankerpatienten\/#primaryimage"},"image":{"@id":"https:\/\/www.mmc.nl\/oncologie\/nieuws\/4284\/corona-vaccinatie-bij-kankerpatienten\/#primaryimage"},"thumbnailUrl":"https:\/\/www.mmc.nl\/oncologie\/wp-content\/uploads\/sites\/29\/2020\/03\/Corona-COVID-breed.jpg","datePublished":"2021-03-15T10:31:53+00:00","dateModified":"2021-10-13T07:50:00+00:00","author":{"@id":"https:\/\/www.mmc.nl\/oncologie\/#\/schema\/person\/0d026f09808c8fb5f4e9f1f4bcc14a2b"},"description":"We krijgen veel vragen over vaccinatie tegen het coronavirus bij kankerpati\u00ebnten. We begrijpen dat u zich mogelijk zorgen maakt en hier vragen over heeft.","breadcrumb":{"@id":"https:\/\/www.mmc.nl\/oncologie\/nieuws\/4284\/corona-vaccinatie-bij-kankerpatienten\/#breadcrumb"},"inLanguage":"nl-NL","potentialAction":[{"@type":"ReadAction","target":["https:\/\/www.mmc.nl\/oncologie\/nieuws\/4284\/corona-vaccinatie-bij-kankerpatienten\/"]}]},{"@type":"ImageObject","inLanguage":"nl-NL","@id":"https:\/\/www.mmc.nl\/oncologie\/nieuws\/4284\/corona-vaccinatie-bij-kankerpatienten\/#primaryimage","url":"https:\/\/www.mmc.nl\/oncologie\/wp-content\/uploads\/sites\/29\/2020\/03\/Corona-COVID-breed.jpg","contentUrl":"https:\/\/www.mmc.nl\/oncologie\/wp-content\/uploads\/sites\/29\/2020\/03\/Corona-COVID-breed.jpg"},{"@type":"BreadcrumbList","@id":"https:\/\/www.mmc.nl\/oncologie\/nieuws\/4284\/corona-vaccinatie-bij-kankerpatienten\/#breadcrumb","itemListElement":[{"@type":"ListItem","position":1,"name":"M\u00e1xima Oncologisch Centrum","item":"https:\/\/www.mmc.nl\/oncologie\/"},{"@type":"ListItem","position":2,"name":"Corona-vaccinatie bij kankerpati\u00ebnten"}]},{"@type":"WebSite","@id":"https:\/\/www.mmc.nl\/oncologie\/#website","url":"https:\/\/www.mmc.nl\/oncologie\/","name":"M\u00e1xima Oncologisch Centrum","description":"","potentialAction":[{"@type":"SearchAction","target":{"@type":"EntryPoint","urlTemplate":"https:\/\/www.mmc.nl\/oncologie\/?s={search_term_string}"},"query-input":{"@type":"PropertyValueSpecification","valueRequired":true,"valueName":"search_term_string"}}],"inLanguage":"nl-NL"},{"@type":"Person","@id":"https:\/\/www.mmc.nl\/oncologie\/#\/schema\/person\/0d026f09808c8fb5f4e9f1f4bcc14a2b","name":"Shirin","image":{"@type":"ImageObject","inLanguage":"nl-NL","@id":"https:\/\/secure.gravatar.com\/avatar\/850343d12bff780ff6e007c69897bd18f62d4951e962323238f18999e17076be?s=96&d=mm&r=g","url":"https:\/\/secure.gravatar.com\/avatar\/850343d12bff780ff6e007c69897bd18f62d4951e962323238f18999e17076be?s=96&d=mm&r=g","contentUrl":"https:\/\/secure.gravatar.com\/avatar\/850343d12bff780ff6e007c69897bd18f62d4951e962323238f18999e17076be?s=96&d=mm&r=g","caption":"Shirin"},"url":"https:\/\/www.mmc.nl\/oncologie\/nieuws\/author\/svanvondel\/"}]}},"_links":{"self":[{"href":"https:\/\/www.mmc.nl\/oncologie\/wp-json\/wp\/v2\/posts\/4284","targetHints":{"allow":["GET"]}}],"collection":[{"href":"https:\/\/www.mmc.nl\/oncologie\/wp-json\/wp\/v2\/posts"}],"about":[{"href":"https:\/\/www.mmc.nl\/oncologie\/wp-json\/wp\/v2\/types\/post"}],"author":[{"embeddable":true,"href":"https:\/\/www.mmc.nl\/oncologie\/wp-json\/wp\/v2\/users\/3"}],"replies":[{"embeddable":true,"href":"https:\/\/www.mmc.nl\/oncologie\/wp-json\/wp\/v2\/comments?post=4284"}],"version-history":[{"count":5,"href":"https:\/\/www.mmc.nl\/oncologie\/wp-json\/wp\/v2\/posts\/4284\/revisions"}],"predecessor-version":[{"id":4523,"href":"https:\/\/www.mmc.nl\/oncologie\/wp-json\/wp\/v2\/posts\/4284\/revisions\/4523"}],"wp:featuredmedia":[{"embeddable":true,"href":"https:\/\/www.mmc.nl\/oncologie\/wp-json\/wp\/v2\/posts\/4284"}],"wp:attachment":[{"href":"https:\/\/www.mmc.nl\/oncologie\/wp-json\/wp\/v2\/media?parent=4284"}],"wp:term":[{"taxonomy":"category","embeddable":true,"href":"https:\/\/www.mmc.nl\/oncologie\/wp-json\/wp\/v2\/categories?post=4284"},{"taxonomy":"post_tag","embeddable":true,"href":"https:\/\/www.mmc.nl\/oncologie\/wp-json\/wp\/v2\/tags?post=4284"}],"curies":[{"name":"wp","href":"https:\/\/api.w.org\/{rel}","templated":true}]}}