{"id":1319,"date":"2018-08-10T11:42:24","date_gmt":"2018-08-10T09:42:24","guid":{"rendered":"https:\/\/www.mmc.nl\/regionaalreumacentrum\/?p=1319"},"modified":"2018-09-21T10:16:25","modified_gmt":"2018-09-21T08:16:25","slug":"welkom-op-de-patientenmasterclass-op-vrijdag-12-oktober","status":"publish","type":"post","link":"https:\/\/www.mmc.nl\/regionaalreumacentrum\/nieuws\/1319\/welkom-op-de-patientenmasterclass-op-vrijdag-12-oktober\/","title":{"rendered":"Welkom op de Pati\u00ebntenMasterclass op vrijdag 12 oktober"},"content":{"rendered":"<p>Bent of kent u een pati\u00ebnt met een reumatische aandoening? Wilt u meer weten over de ontwikkelingen op het gebied van de zorg voor deze pati\u00ebnten? Kom dan naar de Pati\u00ebntenMasterclass Reumatologie tijdens de WereldReumaDag op vrijdag 12 oktober. De reumatologen van het Regionaal Reumacentrum leren u alles over de nieuwste ontwikkelingen.<\/p>\n<h3><strong>Programma<\/strong><\/h3>\n<p>13.30 uur\u00a0 <strong>Opening<br \/>\n<\/strong>14:00 uur\u00a0 <strong>Nieuwe ontwikkelingen in de zorg<\/strong> door reumatoloog R. Traksel<br \/>\n14.30 uur\u00a0 <strong>Barbotage <\/strong>door reumatoloog K. El Mokayad<br \/>\n15.00\u00a0uur\u00a0 <strong>Pauze<\/strong> en bezoeken <strong>stands pati\u00ebntenverenigingen<br \/>\n<\/strong>15.30\u00a0uur\u00a0 <strong>HandScan<\/strong> door reumatoloog\u00a0T. Westgeest<br \/>\n16.00 uur\u00a0 <strong>Einde<\/strong><\/p>\n<h3><strong>Aanmelden<\/strong><\/h3>\n<p>U bent van harte welkom! Deelname is gratis. Reserveer meteen uw plek via <a href=\"https:\/\/www.eventbrite.nl\/e\/tickets-patientenmasterclass-reumatologie-47584945854\">https:\/\/www.eventbrite.nl\/e\/tickets-patientenmasterclass-reumatologie<\/a><\/p>\n<p>&nbsp;<\/p>\n<h2 style=\"text-align: right\"><strong>\u064a\u0648\u0645 \u062a\u062b\u0642\u064a\u0641\u064a \u0644\u0644\u0645\u0631\u0636\u0649<\/strong><\/h2>\n<p style=\"text-align: right\">\u0647\u0644 \u0623\u0646\u062a \u0645\u0631\u064a\u0636 \u0628\u0645\u0631\u0636 \u0631\u0648\u0645\u0627\u062a\u064a\u0632\u0645\u064a \u0623\u0648 \u062a\u0639\u0631\u0641 \u0634\u062e\u0635\u0627 \u0645\u0627 \u064a\u0639\u0627\u0646\u064a \u0645\u0646 \u0645\u0631\u0636 \u0631\u0648\u0645\u0627\u062a\u064a\u0632\u0645\u064a\u061f<\/p>\n<p style=\"text-align: right\">\u0647\u0644 \u062a\u0631\u064a\u062f \u0645\u0639\u0631\u0641\u0629 \u0627\u0644\u0645\u0632\u064a\u062f \u0639\u0646 \u0627\u0644\u062a\u0637\u0648\u0631\u0627\u062a \u0641\u064a \u0631\u0639\u0627\u064a\u0629 \u0647\u0624\u0644\u0627\u0621 \u0627\u0644\u0645\u0631\u0636\u0649\u061f<\/p>\n<p style=\"text-align: right\">\u00a0\u062a\u0641\u0636\u0644 \u0628\u062d\u0636\u0648\u0631 \u0627\u0644\u0628\u0631\u0646\u0627\u0645\u062c \u0627\u0644\u062a\u062b\u0642\u064a\u0641\u064a \u062e\u0644\u0627\u0644 \u0627\u0644\u064a\u0648\u0645 \u0627\u0644\u0639\u0627\u0644\u0645\u064a \u0644\u0645\u0631\u0636\u0649 \u0627\u0644\u0631\u0648\u0645\u0627\u062a\u0648\u064a\u062f.<\/p>\n<p style=\"text-align: right\">\u0633\u0648\u0641 \u064a\u0642\u0648\u0645 \u0623\u062e\u0635\u0627\u0626\u064a\u0648 \u0627\u0644\u0631\u0648\u0645\u0627\u062a\u064a\u0632\u0645 \u0641\u064a \u0627\u0644\u0645\u0631\u0643\u0632 \u0627\u0644\u0625\u0642\u0644\u064a\u0645\u064a \u0644\u0644\u0631\u0648\u0645\u0627\u062a\u064a\u0632\u0645 \u0628\u0627\u0644\u062a\u062d\u062f\u062b \u0639\u0646 \u0623\u062d\u062f\u062b \u0627\u0644\u062a\u0637\u0648\u0631\u0627\u062a.<\/p>\n<p style=\"text-align: right\">\u0627\u0644\u062a\u0627\u0631\u064a\u062e:\u00a0\u00a0\u00a0\u00a0\u00a0\u00a0\u00a0\u00a0 \u0627\u0644\u062c\u0645\u0639\u0629 12 \u0623\u0643\u062a\u0648\u0628\u06312018<\/p>\n<p style=\"text-align: right\">\u0627\u0644\u0648\u0642\u062a:\u00a0\u00a0\u00a0\u00a0\u00a0\u00a0\u00a0\u00a0 \u0627\u0644\u0633\u0627\u0639\u0629 13:30 \u2013 16:00<\/p>\n<p style=\"text-align: right\">\u0627\u0644\u0645\u0643\u0627\u0646:\u00a0\u00a0\u00a0\u00a0 Auditorium M\u00e1xima MC Eindhoven<\/p>\n<p style=\"text-align: right\">013:3\u00a0\u00a0\u00a0\u00a0\u00a0\u00a0\u00a0\u00a0\u00a0 \u0627\u0644\u0625\u0641\u062a\u062a\u0627\u062d<\/p>\n<p style=\"text-align: right\">14:00\u00a0\u00a0\u00a0\u00a0\u00a0 \u0623\u062d\u062f\u062b \u0627\u0644\u062a\u0637\u0648\u0631\u0627\u062a \u0641\u064a \u0627\u0644\u0645\u062c\u0627\u0644 \u0627\u0644\u0635\u062d\u064a \u0644\u0645\u0631\u0636\u0649 \u0627\u0644\u0631\u0648\u0645\u0627\u062a\u0648\u064a\u062f<\/p>\n<p style=\"text-align: right\"><em>\u00a0\u00a0\u00a0\u00a0\u00a0\u00a0\u00a0\u00a0\u00a0\u00a0\u00a0\u00a0\u00a0\u00a0 <\/em><em>&#8211;<\/em><em> \u062f\u0643\u062a\u0648\u0631 \u0623\u062e\u0635\u0627\u0626\u064a \u0623\u0645\u0631\u0627\u0636 \u0627\u0644\u0631\u0648\u0645\u0627\u062a\u064a\u0632\u0645<\/em> <em>R. Traksel <\/em><\/p>\n<p style=\"text-align: right\">14:30\u00a0\u00a0 \u00a0\u0639\u0644\u0627\u062c \u062a\u0643\u0644\u0633 \u0623\u0648\u062a\u0627\u0631 \u0627\u0644\u0643\u062a\u0641 \u0628\u0648\u0627\u0633\u0637\u0629 \u0627\u0644 Barbotage<\/p>\n<p style=\"text-align: right\"><em>\u00a0\u00a0\u00a0\u00a0\u00a0\u00a0\u00a0\u00a0\u00a0\u00a0\u00a0\u00a0\u00a0\u00a0 <\/em><em>&#8211;<\/em><em> \u062f\u0643\u062a\u0648\u0631 \u0623\u062e\u0635\u0627\u0626\u064a \u0623\u0645\u0631\u0627\u0636 \u0627\u0644\u0631\u0648\u0645\u0627\u062a\u064a\u0632\u0645 <\/em><em>K.M. El Mokayad<\/em><\/p>\n<p style=\"text-align: right\">15:00\u00a0\u00a0\u00a0\u00a0\u00a0 \u0625\u0633\u062a\u0631\u0627\u062d\u0629\u061b \u0641\u0631\u0635\u0629 \u0644\u0632\u064a\u0627\u0631\u0629 \u0645\u0646\u062f\u0648\u0628\u064a\u0646 \u0639\u0646 \u0631\u0648\u0627\u0628\u0637 \u0627\u0644\u0645\u0631\u0636\u0649<\/p>\n<p style=\"text-align: right\">\u00a0\u00a0\u00a0\u00a0\u00a0\u00a0\u00a0\u00a0\u00a0\u00a0\u00a0\u00a0\u00a0\u00a0\u00a0\u00a0\u00a0\u00a0\u00a0\u00a0\u00a0\u00a0\u00a0\u00a0\u00a0\u00a0\u00a0\u00a0\u00a0\u00a0\u00a0\u00a0\u00a0\u00a0\u00a0\u00a0\u00a0\u00a0\u00a0\u00a0\u00a0\u00a0\u00a0 HandScan\u00a0\u00a0\u00a0\u00a0\u00a0 15:30<\/p>\n<p style=\"text-align: right\"><em>\u00a0\u00a0\u00a0\u00a0\u00a0\u00a0\u00a0\u00a0\u00a0\u00a0\u00a0\u00a0\u00a0\u00a0 <\/em><em>&#8211;<\/em><em> \u062f\u0643\u062a\u0648\u0631 \u0623\u062e\u0635\u0627\u0626\u064a \u0623\u0645\u0631\u0627\u0636 \u0627\u0644\u0631\u0648\u0645\u0627\u062a\u064a\u0632\u0645<\/em><em> T. Westgeest <\/em><\/p>\n<p style=\"text-align: right\">16:00\u00a0\u00a0\u00a0\u00a0\u00a0 \u0627\u0644\u0646\u0647\u0627\u064a\u0629<\/p>\n<p style=\"text-align: right\">\u0627\u0644\u0645\u0634\u0627\u0631\u0643\u0629 \u0645\u062c\u0627\u0646\u064a\u0629. \u064a\u0645\u0643\u0646\u0643 \u0627\u0644\u062a\u0633\u062c\u064a\u0644 \u0639\u0628\u0631: www.mmc.nl\/regionaalreumacentrum<\/p>\n<p style=\"text-align: right\">\u0627\u0644\u0639\u0631\u0648\u0636 \u0628\u0627\u0644\u0644\u063a\u0629 \u0627\u0644\u0647\u0648\u0644\u0646\u062f\u064a\u0629 \u0648\u0644\u0643\u0646 \u064a\u0645\u0643\u0646 \u0637\u0631\u062d \u0627\u0644\u0623\u0633\u0626\u0644\u0629 \u0628\u0627\u0644\u0644\u063a\u0629 \u0627\u0644\u0639\u0631\u0628\u064a\u0629.<\/p>\n","protected":false},"excerpt":{"rendered":"<p>Bent of kent u een pati\u00ebnt met een reumatische aandoening? Wilt u meer weten over de ontwikkelingen op het gebied van de zorg voor deze pati\u00ebnten? Kom dan naar de Pati\u00ebntenMasterclass Reumatologie tijdens de WereldReumaDag op vrijdag 12 oktober. De reumatologen van het Regionaal Reumacentrum leren u alles over de nieuwste ontwikkelingen. Programma 13.30 uur\u00a0 [&hellip;]<\/p>\n","protected":false},"author":11,"featured_media":1319,"comment_status":"closed","ping_status":"closed","sticky":false,"template":"","format":"standard","meta":{"_acf_changed":false,"ep_exclude_from_search":false,"footnotes":""},"categories":[1],"tags":[],"class_list":["post-1319","post","type-post","status-publish","format-standard","has-post-thumbnail","hentry","category-geen-categorie"],"acf":[],"yoast_head":"<!-- This site is optimized with the Yoast SEO Premium plugin v27.3 (Yoast SEO v27.3) - https:\/\/yoast.com\/product\/yoast-seo-premium-wordpress\/ -->\n<title>Welkom op de Pati\u00ebntenMasterclass op vrijdag 12 oktober - Regionaal Reumacentrum<\/title>\n<meta name=\"robots\" content=\"index, follow, max-snippet:-1, max-image-preview:large, max-video-preview:-1\" \/>\n<link rel=\"canonical\" href=\"https:\/\/www.mmc.nl\/regionaalreumacentrum\/nieuws\/1319\/welkom-op-de-patientenmasterclass-op-vrijdag-12-oktober\/\" \/>\n<meta property=\"og:locale\" content=\"nl_NL\" \/>\n<meta property=\"og:type\" content=\"article\" \/>\n<meta property=\"og:title\" content=\"Welkom op de Pati\u00ebntenMasterclass op vrijdag 12 oktober\" \/>\n<meta property=\"og:description\" content=\"Bent of kent u een pati\u00ebnt met een reumatische aandoening? Wilt u meer weten over de ontwikkelingen op het gebied van de zorg voor deze pati\u00ebnten? Kom dan naar de Pati\u00ebntenMasterclass Reumatologie tijdens de WereldReumaDag op vrijdag 12 oktober. De reumatologen van het Regionaal Reumacentrum leren u alles over de nieuwste ontwikkelingen. Programma 13.30 uur\u00a0 [&hellip;]\" \/>\n<meta property=\"og:url\" content=\"https:\/\/www.mmc.nl\/regionaalreumacentrum\/nieuws\/1319\/welkom-op-de-patientenmasterclass-op-vrijdag-12-oktober\/\" \/>\n<meta property=\"og:site_name\" content=\"Regionaal Reumacentrum\" \/>\n<meta property=\"article:published_time\" content=\"2018-08-10T09:42:24+00:00\" \/>\n<meta property=\"article:modified_time\" content=\"2018-09-21T08:16:25+00:00\" \/>\n<meta name=\"author\" content=\"hettievogel\" \/>\n<meta name=\"twitter:card\" content=\"summary_large_image\" \/>\n<meta name=\"twitter:label1\" content=\"Geschreven door\" \/>\n\t<meta name=\"twitter:data1\" content=\"hettievogel\" \/>\n\t<meta name=\"twitter:label2\" content=\"Geschatte leestijd\" \/>\n\t<meta name=\"twitter:data2\" content=\"1 minuut\" \/>\n<script type=\"application\/ld+json\" class=\"yoast-schema-graph\">{\"@context\":\"https:\\\/\\\/schema.org\",\"@graph\":[{\"@type\":\"Article\",\"@id\":\"https:\\\/\\\/www.mmc.nl\\\/regionaalreumacentrum\\\/nieuws\\\/1319\\\/welkom-op-de-patientenmasterclass-op-vrijdag-12-oktober\\\/#article\",\"isPartOf\":{\"@id\":\"https:\\\/\\\/www.mmc.nl\\\/regionaalreumacentrum\\\/nieuws\\\/1319\\\/welkom-op-de-patientenmasterclass-op-vrijdag-12-oktober\\\/\"},\"author\":{\"name\":\"hettievogel\",\"@id\":\"https:\\\/\\\/www.mmc.nl\\\/regionaalreumacentrum\\\/#\\\/schema\\\/person\\\/b2d5abcb92b202f14bb51a3af0962f24\"},\"headline\":\"Welkom op de Pati\u00ebntenMasterclass op vrijdag 12 oktober\",\"datePublished\":\"2018-08-10T09:42:24+00:00\",\"dateModified\":\"2018-09-21T08:16:25+00:00\",\"mainEntityOfPage\":{\"@id\":\"https:\\\/\\\/www.mmc.nl\\\/regionaalreumacentrum\\\/nieuws\\\/1319\\\/welkom-op-de-patientenmasterclass-op-vrijdag-12-oktober\\\/\"},\"wordCount\":140,\"image\":{\"@id\":\"https:\\\/\\\/www.mmc.nl\\\/regionaalreumacentrum\\\/nieuws\\\/1319\\\/welkom-op-de-patientenmasterclass-op-vrijdag-12-oktober\\\/#primaryimage\"},\"thumbnailUrl\":\"https:\\\/\\\/www.mmc.nl\\\/regionaalreumacentrum\\\/wp-content\\\/uploads\\\/sites\\\/39\\\/2017\\\/09\\\/MMC_RegionaalReumacentrum_Sub_R.jpg\",\"articleSection\":[\"Geen categorie\"],\"inLanguage\":\"nl-NL\"},{\"@type\":\"WebPage\",\"@id\":\"https:\\\/\\\/www.mmc.nl\\\/regionaalreumacentrum\\\/nieuws\\\/1319\\\/welkom-op-de-patientenmasterclass-op-vrijdag-12-oktober\\\/\",\"url\":\"https:\\\/\\\/www.mmc.nl\\\/regionaalreumacentrum\\\/nieuws\\\/1319\\\/welkom-op-de-patientenmasterclass-op-vrijdag-12-oktober\\\/\",\"name\":\"Welkom op de Pati\u00ebntenMasterclass op vrijdag 12 oktober - Regionaal Reumacentrum\",\"isPartOf\":{\"@id\":\"https:\\\/\\\/www.mmc.nl\\\/regionaalreumacentrum\\\/#website\"},\"primaryImageOfPage\":{\"@id\":\"https:\\\/\\\/www.mmc.nl\\\/regionaalreumacentrum\\\/nieuws\\\/1319\\\/welkom-op-de-patientenmasterclass-op-vrijdag-12-oktober\\\/#primaryimage\"},\"image\":{\"@id\":\"https:\\\/\\\/www.mmc.nl\\\/regionaalreumacentrum\\\/nieuws\\\/1319\\\/welkom-op-de-patientenmasterclass-op-vrijdag-12-oktober\\\/#primaryimage\"},\"thumbnailUrl\":\"https:\\\/\\\/www.mmc.nl\\\/regionaalreumacentrum\\\/wp-content\\\/uploads\\\/sites\\\/39\\\/2017\\\/09\\\/MMC_RegionaalReumacentrum_Sub_R.jpg\",\"datePublished\":\"2018-08-10T09:42:24+00:00\",\"dateModified\":\"2018-09-21T08:16:25+00:00\",\"author\":{\"@id\":\"https:\\\/\\\/www.mmc.nl\\\/regionaalreumacentrum\\\/#\\\/schema\\\/person\\\/b2d5abcb92b202f14bb51a3af0962f24\"},\"breadcrumb\":{\"@id\":\"https:\\\/\\\/www.mmc.nl\\\/regionaalreumacentrum\\\/nieuws\\\/1319\\\/welkom-op-de-patientenmasterclass-op-vrijdag-12-oktober\\\/#breadcrumb\"},\"inLanguage\":\"nl-NL\",\"potentialAction\":[{\"@type\":\"ReadAction\",\"target\":[\"https:\\\/\\\/www.mmc.nl\\\/regionaalreumacentrum\\\/nieuws\\\/1319\\\/welkom-op-de-patientenmasterclass-op-vrijdag-12-oktober\\\/\"]}]},{\"@type\":\"ImageObject\",\"inLanguage\":\"nl-NL\",\"@id\":\"https:\\\/\\\/www.mmc.nl\\\/regionaalreumacentrum\\\/nieuws\\\/1319\\\/welkom-op-de-patientenmasterclass-op-vrijdag-12-oktober\\\/#primaryimage\",\"url\":\"https:\\\/\\\/www.mmc.nl\\\/regionaalreumacentrum\\\/wp-content\\\/uploads\\\/sites\\\/39\\\/2017\\\/09\\\/MMC_RegionaalReumacentrum_Sub_R.jpg\",\"contentUrl\":\"https:\\\/\\\/www.mmc.nl\\\/regionaalreumacentrum\\\/wp-content\\\/uploads\\\/sites\\\/39\\\/2017\\\/09\\\/MMC_RegionaalReumacentrum_Sub_R.jpg\"},{\"@type\":\"BreadcrumbList\",\"@id\":\"https:\\\/\\\/www.mmc.nl\\\/regionaalreumacentrum\\\/nieuws\\\/1319\\\/welkom-op-de-patientenmasterclass-op-vrijdag-12-oktober\\\/#breadcrumb\",\"itemListElement\":[{\"@type\":\"ListItem\",\"position\":1,\"name\":\"Regionaal Reumacentrum\",\"item\":\"https:\\\/\\\/www.mmc.nl\\\/regionaalreumacentrum\\\/\"},{\"@type\":\"ListItem\",\"position\":2,\"name\":\"Welkom op de Pati\u00ebntenMasterclass op vrijdag 12 oktober\"}]},{\"@type\":\"WebSite\",\"@id\":\"https:\\\/\\\/www.mmc.nl\\\/regionaalreumacentrum\\\/#website\",\"url\":\"https:\\\/\\\/www.mmc.nl\\\/regionaalreumacentrum\\\/\",\"name\":\"Regionaal Reumacentrum\",\"description\":\"\",\"potentialAction\":[{\"@type\":\"SearchAction\",\"target\":{\"@type\":\"EntryPoint\",\"urlTemplate\":\"https:\\\/\\\/www.mmc.nl\\\/regionaalreumacentrum\\\/?s={search_term_string}\"},\"query-input\":{\"@type\":\"PropertyValueSpecification\",\"valueRequired\":true,\"valueName\":\"search_term_string\"}}],\"inLanguage\":\"nl-NL\"},{\"@type\":\"Person\",\"@id\":\"https:\\\/\\\/www.mmc.nl\\\/regionaalreumacentrum\\\/#\\\/schema\\\/person\\\/b2d5abcb92b202f14bb51a3af0962f24\",\"name\":\"hettievogel\",\"image\":{\"@type\":\"ImageObject\",\"inLanguage\":\"nl-NL\",\"@id\":\"https:\\\/\\\/secure.gravatar.com\\\/avatar\\\/5611a545402e68304c69fd5bdc4a0ca854a7f74b70ff70e4c5818893e8e5624a?s=96&d=mm&r=g\",\"url\":\"https:\\\/\\\/secure.gravatar.com\\\/avatar\\\/5611a545402e68304c69fd5bdc4a0ca854a7f74b70ff70e4c5818893e8e5624a?s=96&d=mm&r=g\",\"contentUrl\":\"https:\\\/\\\/secure.gravatar.com\\\/avatar\\\/5611a545402e68304c69fd5bdc4a0ca854a7f74b70ff70e4c5818893e8e5624a?s=96&d=mm&r=g\",\"caption\":\"hettievogel\"},\"url\":\"https:\\\/\\\/www.mmc.nl\\\/regionaalreumacentrum\\\/nieuws\\\/author\\\/hettievogel\\\/\"}]}<\/script>\n<!-- \/ Yoast SEO Premium plugin. -->","yoast_head_json":{"title":"Welkom op de Pati\u00ebntenMasterclass op vrijdag 12 oktober - Regionaal Reumacentrum","robots":{"index":"index","follow":"follow","max-snippet":"max-snippet:-1","max-image-preview":"max-image-preview:large","max-video-preview":"max-video-preview:-1"},"canonical":"https:\/\/www.mmc.nl\/regionaalreumacentrum\/nieuws\/1319\/welkom-op-de-patientenmasterclass-op-vrijdag-12-oktober\/","og_locale":"nl_NL","og_type":"article","og_title":"Welkom op de Pati\u00ebntenMasterclass op vrijdag 12 oktober","og_description":"Bent of kent u een pati\u00ebnt met een reumatische aandoening? Wilt u meer weten over de ontwikkelingen op het gebied van de zorg voor deze pati\u00ebnten? Kom dan naar de Pati\u00ebntenMasterclass Reumatologie tijdens de WereldReumaDag op vrijdag 12 oktober. De reumatologen van het Regionaal Reumacentrum leren u alles over de nieuwste ontwikkelingen. Programma 13.30 uur\u00a0 [&hellip;]","og_url":"https:\/\/www.mmc.nl\/regionaalreumacentrum\/nieuws\/1319\/welkom-op-de-patientenmasterclass-op-vrijdag-12-oktober\/","og_site_name":"Regionaal Reumacentrum","article_published_time":"2018-08-10T09:42:24+00:00","article_modified_time":"2018-09-21T08:16:25+00:00","author":"hettievogel","twitter_card":"summary_large_image","twitter_misc":{"Geschreven door":"hettievogel","Geschatte leestijd":"1 minuut"},"schema":{"@context":"https:\/\/schema.org","@graph":[{"@type":"Article","@id":"https:\/\/www.mmc.nl\/regionaalreumacentrum\/nieuws\/1319\/welkom-op-de-patientenmasterclass-op-vrijdag-12-oktober\/#article","isPartOf":{"@id":"https:\/\/www.mmc.nl\/regionaalreumacentrum\/nieuws\/1319\/welkom-op-de-patientenmasterclass-op-vrijdag-12-oktober\/"},"author":{"name":"hettievogel","@id":"https:\/\/www.mmc.nl\/regionaalreumacentrum\/#\/schema\/person\/b2d5abcb92b202f14bb51a3af0962f24"},"headline":"Welkom op de Pati\u00ebntenMasterclass op vrijdag 12 oktober","datePublished":"2018-08-10T09:42:24+00:00","dateModified":"2018-09-21T08:16:25+00:00","mainEntityOfPage":{"@id":"https:\/\/www.mmc.nl\/regionaalreumacentrum\/nieuws\/1319\/welkom-op-de-patientenmasterclass-op-vrijdag-12-oktober\/"},"wordCount":140,"image":{"@id":"https:\/\/www.mmc.nl\/regionaalreumacentrum\/nieuws\/1319\/welkom-op-de-patientenmasterclass-op-vrijdag-12-oktober\/#primaryimage"},"thumbnailUrl":"https:\/\/www.mmc.nl\/regionaalreumacentrum\/wp-content\/uploads\/sites\/39\/2017\/09\/MMC_RegionaalReumacentrum_Sub_R.jpg","articleSection":["Geen categorie"],"inLanguage":"nl-NL"},{"@type":"WebPage","@id":"https:\/\/www.mmc.nl\/regionaalreumacentrum\/nieuws\/1319\/welkom-op-de-patientenmasterclass-op-vrijdag-12-oktober\/","url":"https:\/\/www.mmc.nl\/regionaalreumacentrum\/nieuws\/1319\/welkom-op-de-patientenmasterclass-op-vrijdag-12-oktober\/","name":"Welkom op de Pati\u00ebntenMasterclass op vrijdag 12 oktober - Regionaal Reumacentrum","isPartOf":{"@id":"https:\/\/www.mmc.nl\/regionaalreumacentrum\/#website"},"primaryImageOfPage":{"@id":"https:\/\/www.mmc.nl\/regionaalreumacentrum\/nieuws\/1319\/welkom-op-de-patientenmasterclass-op-vrijdag-12-oktober\/#primaryimage"},"image":{"@id":"https:\/\/www.mmc.nl\/regionaalreumacentrum\/nieuws\/1319\/welkom-op-de-patientenmasterclass-op-vrijdag-12-oktober\/#primaryimage"},"thumbnailUrl":"https:\/\/www.mmc.nl\/regionaalreumacentrum\/wp-content\/uploads\/sites\/39\/2017\/09\/MMC_RegionaalReumacentrum_Sub_R.jpg","datePublished":"2018-08-10T09:42:24+00:00","dateModified":"2018-09-21T08:16:25+00:00","author":{"@id":"https:\/\/www.mmc.nl\/regionaalreumacentrum\/#\/schema\/person\/b2d5abcb92b202f14bb51a3af0962f24"},"breadcrumb":{"@id":"https:\/\/www.mmc.nl\/regionaalreumacentrum\/nieuws\/1319\/welkom-op-de-patientenmasterclass-op-vrijdag-12-oktober\/#breadcrumb"},"inLanguage":"nl-NL","potentialAction":[{"@type":"ReadAction","target":["https:\/\/www.mmc.nl\/regionaalreumacentrum\/nieuws\/1319\/welkom-op-de-patientenmasterclass-op-vrijdag-12-oktober\/"]}]},{"@type":"ImageObject","inLanguage":"nl-NL","@id":"https:\/\/www.mmc.nl\/regionaalreumacentrum\/nieuws\/1319\/welkom-op-de-patientenmasterclass-op-vrijdag-12-oktober\/#primaryimage","url":"https:\/\/www.mmc.nl\/regionaalreumacentrum\/wp-content\/uploads\/sites\/39\/2017\/09\/MMC_RegionaalReumacentrum_Sub_R.jpg","contentUrl":"https:\/\/www.mmc.nl\/regionaalreumacentrum\/wp-content\/uploads\/sites\/39\/2017\/09\/MMC_RegionaalReumacentrum_Sub_R.jpg"},{"@type":"BreadcrumbList","@id":"https:\/\/www.mmc.nl\/regionaalreumacentrum\/nieuws\/1319\/welkom-op-de-patientenmasterclass-op-vrijdag-12-oktober\/#breadcrumb","itemListElement":[{"@type":"ListItem","position":1,"name":"Regionaal Reumacentrum","item":"https:\/\/www.mmc.nl\/regionaalreumacentrum\/"},{"@type":"ListItem","position":2,"name":"Welkom op de Pati\u00ebntenMasterclass op vrijdag 12 oktober"}]},{"@type":"WebSite","@id":"https:\/\/www.mmc.nl\/regionaalreumacentrum\/#website","url":"https:\/\/www.mmc.nl\/regionaalreumacentrum\/","name":"Regionaal Reumacentrum","description":"","potentialAction":[{"@type":"SearchAction","target":{"@type":"EntryPoint","urlTemplate":"https:\/\/www.mmc.nl\/regionaalreumacentrum\/?s={search_term_string}"},"query-input":{"@type":"PropertyValueSpecification","valueRequired":true,"valueName":"search_term_string"}}],"inLanguage":"nl-NL"},{"@type":"Person","@id":"https:\/\/www.mmc.nl\/regionaalreumacentrum\/#\/schema\/person\/b2d5abcb92b202f14bb51a3af0962f24","name":"hettievogel","image":{"@type":"ImageObject","inLanguage":"nl-NL","@id":"https:\/\/secure.gravatar.com\/avatar\/5611a545402e68304c69fd5bdc4a0ca854a7f74b70ff70e4c5818893e8e5624a?s=96&d=mm&r=g","url":"https:\/\/secure.gravatar.com\/avatar\/5611a545402e68304c69fd5bdc4a0ca854a7f74b70ff70e4c5818893e8e5624a?s=96&d=mm&r=g","contentUrl":"https:\/\/secure.gravatar.com\/avatar\/5611a545402e68304c69fd5bdc4a0ca854a7f74b70ff70e4c5818893e8e5624a?s=96&d=mm&r=g","caption":"hettievogel"},"url":"https:\/\/www.mmc.nl\/regionaalreumacentrum\/nieuws\/author\/hettievogel\/"}]}},"_links":{"self":[{"href":"https:\/\/www.mmc.nl\/regionaalreumacentrum\/wp-json\/wp\/v2\/posts\/1319","targetHints":{"allow":["GET"]}}],"collection":[{"href":"https:\/\/www.mmc.nl\/regionaalreumacentrum\/wp-json\/wp\/v2\/posts"}],"about":[{"href":"https:\/\/www.mmc.nl\/regionaalreumacentrum\/wp-json\/wp\/v2\/types\/post"}],"author":[{"embeddable":true,"href":"https:\/\/www.mmc.nl\/regionaalreumacentrum\/wp-json\/wp\/v2\/users\/11"}],"replies":[{"embeddable":true,"href":"https:\/\/www.mmc.nl\/regionaalreumacentrum\/wp-json\/wp\/v2\/comments?post=1319"}],"version-history":[{"count":8,"href":"https:\/\/www.mmc.nl\/regionaalreumacentrum\/wp-json\/wp\/v2\/posts\/1319\/revisions"}],"predecessor-version":[{"id":1330,"href":"https:\/\/www.mmc.nl\/regionaalreumacentrum\/wp-json\/wp\/v2\/posts\/1319\/revisions\/1330"}],"wp:featuredmedia":[{"embeddable":true,"href":"https:\/\/www.mmc.nl\/regionaalreumacentrum\/wp-json\/wp\/v2\/posts\/1319"}],"wp:attachment":[{"href":"https:\/\/www.mmc.nl\/regionaalreumacentrum\/wp-json\/wp\/v2\/media?parent=1319"}],"wp:term":[{"taxonomy":"category","embeddable":true,"href":"https:\/\/www.mmc.nl\/regionaalreumacentrum\/wp-json\/wp\/v2\/categories?post=1319"},{"taxonomy":"post_tag","embeddable":true,"href":"https:\/\/www.mmc.nl\/regionaalreumacentrum\/wp-json\/wp\/v2\/tags?post=1319"}],"curies":[{"name":"wp","href":"https:\/\/api.w.org\/{rel}","templated":true}]}}