{"id":2255,"date":"2026-01-08T10:03:29","date_gmt":"2026-01-08T09:03:29","guid":{"rendered":"https:\/\/www.mmc.nl\/spoed\/?p=2255"},"modified":"2026-01-08T10:07:36","modified_gmt":"2026-01-08T09:07:36","slug":"regionaal-ic-cafe","status":"publish","type":"post","link":"https:\/\/www.mmc.nl\/spoed\/nieuws\/2255\/regionaal-ic-cafe\/","title":{"rendered":"Regionaal IC-caf\u00e9"},"content":{"rendered":"<p><strong>Hoe geef je je leven weer vorm na een verblijf op de Intensive Care (IC)? Het verblijf op de IC kan voor veel pati\u00ebnten en hun naasten een heftige, emotionele gebeurtenis zijn, die ook na ontslag uit het ziekenhuis impact kan hebben. M\u00e1xima MC en het Catharina Ziekenhuis organiseren samen een IC-caf\u00e9.<\/strong><\/p>\n<p>Tijdens het IC-caf\u00e9 staan onderwerpen centraal die te maken hebben met een verblijf op de IC. Een bijeenkomst waar het uitwisselen van informatie, het beantwoorden van vragen en het geven en ontvangen van steun centraal staat.<\/p>\n<p>De bijeenkomsten worden georganiseerd in <strong>De Schop (Jeroen Boschlaan 1 in Eindhoven)<\/strong>, van <strong>19.30 tot 21.30 uur<\/strong>.<\/p>\n<h3>Onderwerpen en data<\/h3>\n<ul>\n<li><strong>Maandag 9 februari 2026<\/strong><br \/>\nMantelzorg en zorg na IC, bij wie kun je terecht?<\/li>\n<li><strong>Maandag 8 juni 2026<\/strong><br \/>\nDelier en PICS<\/li>\n<li><strong>Maandag 12 oktober 2026<\/strong><br \/>\nSlaapproblemen na een IC-opname en ontspanning vinden<\/li>\n<\/ul>\n<h3>Voor wie<\/h3>\n<p>De avond is bedoeld voor alle ex-IC-pati\u00ebnten en\/of naasten. Dus niet alleen voor mensen die in het Catharina Ziekenhuis of M\u00e1xima MC opgenomen zijn geweest. Ook huisartsen zijn van harte welkom.<\/p>\n<p>Zorgverleners en ervaringsdeskundigen zullen u informatie geven over dit onderwerp. Er is alle ruimte voor vragen, maar vooral ook voor contact met elkaar, zodat u uw ervaringen kunt uitwisselen met anderen en van elkaar kunt horen hoe anderen omgaan met het leven na de intensive care.<\/p>\n<p>Aanmelden voor het IC-caf\u00e9 is niet nodig. Vragen over deze bijeenkomst kunt u sturen naar: <a href=\"mailto:ICcafe@mmc.nl\">ICcafe@mmc.nl<\/a> of <a href=\"mailto:nazorgic@catharinaziekenhuis.nl\">nazorgic@catharinaziekenhuis.nl<\/a>.<\/p>\n<p>Voor meer informatie kunt u kijken op: <a href=\"http:\/\/www.icconnect.nl\" target=\"_blank\" rel=\"noopener\">www.icconnect.nl<\/a> en op de websites van beide ziekenhuizen.<\/p>\n","protected":false},"excerpt":{"rendered":"<p>Hoe geef je je leven weer vorm na een verblijf op de Intensive Care (IC)? Het verblijf op de IC kan voor veel pati\u00ebnten en hun naasten een heftige, emotionele gebeurtenis zijn, die ook na ontslag uit het ziekenhuis impact kan hebben. M\u00e1xima MC en het Catharina Ziekenhuis organiseren samen een IC-caf\u00e9. Tijdens het IC-caf\u00e9 [&hellip;]<\/p>\n","protected":false},"author":221,"featured_media":1,"comment_status":"closed","ping_status":"closed","sticky":false,"template":"","format":"standard","meta":{"_acf_changed":false,"ep_exclude_from_search":false,"footnotes":""},"categories":[1],"tags":[],"class_list":["post-2255","post","type-post","status-publish","format-standard","has-post-thumbnail","hentry","category-geen-categorie"],"acf":[],"yoast_head":"<!-- This site is optimized with the Yoast SEO Premium plugin v27.3 (Yoast SEO v27.3) - https:\/\/yoast.com\/product\/yoast-seo-premium-wordpress\/ -->\n<title>Regionaal IC-caf\u00e9 - Spoed<\/title>\n<meta name=\"robots\" content=\"index, follow, max-snippet:-1, max-image-preview:large, max-video-preview:-1\" \/>\n<link rel=\"canonical\" href=\"https:\/\/www.mmc.nl\/spoed\/nieuws\/2255\/regionaal-ic-cafe\/\" \/>\n<meta property=\"og:locale\" content=\"nl_NL\" \/>\n<meta property=\"og:type\" content=\"article\" \/>\n<meta property=\"og:title\" content=\"Regionaal IC-caf\u00e9\" \/>\n<meta property=\"og:description\" content=\"Hoe geef je je leven weer vorm na een verblijf op de Intensive Care (IC)? Het verblijf op de IC kan voor veel pati\u00ebnten en hun naasten een heftige, emotionele gebeurtenis zijn, die ook na ontslag uit het ziekenhuis impact kan hebben. M\u00e1xima MC en het Catharina Ziekenhuis organiseren samen een IC-caf\u00e9. Tijdens het IC-caf\u00e9 [&hellip;]\" \/>\n<meta property=\"og:url\" content=\"https:\/\/www.mmc.nl\/spoed\/nieuws\/2255\/regionaal-ic-cafe\/\" \/>\n<meta property=\"og:site_name\" content=\"Spoed\" \/>\n<meta property=\"article:published_time\" content=\"2026-01-08T09:03:29+00:00\" \/>\n<meta property=\"article:modified_time\" content=\"2026-01-08T09:07:36+00:00\" \/>\n<meta name=\"author\" content=\"stephangouw\" \/>\n<meta name=\"twitter:card\" content=\"summary_large_image\" \/>\n<meta name=\"twitter:label1\" content=\"Geschreven door\" \/>\n\t<meta name=\"twitter:data1\" content=\"stephangouw\" \/>\n\t<meta name=\"twitter:label2\" content=\"Geschatte leestijd\" \/>\n\t<meta name=\"twitter:data2\" content=\"2 minuten\" \/>\n<script type=\"application\/ld+json\" class=\"yoast-schema-graph\">{\"@context\":\"https:\\\/\\\/schema.org\",\"@graph\":[{\"@type\":\"Article\",\"@id\":\"https:\\\/\\\/www.mmc.nl\\\/spoed\\\/nieuws\\\/2255\\\/regionaal-ic-cafe\\\/#article\",\"isPartOf\":{\"@id\":\"https:\\\/\\\/www.mmc.nl\\\/spoed\\\/nieuws\\\/2255\\\/regionaal-ic-cafe\\\/\"},\"author\":{\"name\":\"stephangouw\",\"@id\":\"https:\\\/\\\/www.mmc.nl\\\/spoed\\\/#\\\/schema\\\/person\\\/e8c0169f2ee02038681eb3fad603da36\"},\"headline\":\"Regionaal IC-caf\u00e9\",\"datePublished\":\"2026-01-08T09:03:29+00:00\",\"dateModified\":\"2026-01-08T09:07:36+00:00\",\"mainEntityOfPage\":{\"@id\":\"https:\\\/\\\/www.mmc.nl\\\/spoed\\\/nieuws\\\/2255\\\/regionaal-ic-cafe\\\/\"},\"wordCount\":256,\"image\":{\"@id\":\"https:\\\/\\\/www.mmc.nl\\\/spoed\\\/nieuws\\\/2255\\\/regionaal-ic-cafe\\\/#primaryimage\"},\"thumbnailUrl\":\"\",\"articleSection\":[\"Geen categorie\"],\"inLanguage\":\"nl-NL\"},{\"@type\":\"WebPage\",\"@id\":\"https:\\\/\\\/www.mmc.nl\\\/spoed\\\/nieuws\\\/2255\\\/regionaal-ic-cafe\\\/\",\"url\":\"https:\\\/\\\/www.mmc.nl\\\/spoed\\\/nieuws\\\/2255\\\/regionaal-ic-cafe\\\/\",\"name\":\"Regionaal IC-caf\u00e9 - Spoed\",\"isPartOf\":{\"@id\":\"https:\\\/\\\/www.mmc.nl\\\/spoed\\\/#website\"},\"primaryImageOfPage\":{\"@id\":\"https:\\\/\\\/www.mmc.nl\\\/spoed\\\/nieuws\\\/2255\\\/regionaal-ic-cafe\\\/#primaryimage\"},\"image\":{\"@id\":\"https:\\\/\\\/www.mmc.nl\\\/spoed\\\/nieuws\\\/2255\\\/regionaal-ic-cafe\\\/#primaryimage\"},\"thumbnailUrl\":\"\",\"datePublished\":\"2026-01-08T09:03:29+00:00\",\"dateModified\":\"2026-01-08T09:07:36+00:00\",\"author\":{\"@id\":\"https:\\\/\\\/www.mmc.nl\\\/spoed\\\/#\\\/schema\\\/person\\\/e8c0169f2ee02038681eb3fad603da36\"},\"breadcrumb\":{\"@id\":\"https:\\\/\\\/www.mmc.nl\\\/spoed\\\/nieuws\\\/2255\\\/regionaal-ic-cafe\\\/#breadcrumb\"},\"inLanguage\":\"nl-NL\",\"potentialAction\":[{\"@type\":\"ReadAction\",\"target\":[\"https:\\\/\\\/www.mmc.nl\\\/spoed\\\/nieuws\\\/2255\\\/regionaal-ic-cafe\\\/\"]}]},{\"@type\":\"ImageObject\",\"inLanguage\":\"nl-NL\",\"@id\":\"https:\\\/\\\/www.mmc.nl\\\/spoed\\\/nieuws\\\/2255\\\/regionaal-ic-cafe\\\/#primaryimage\",\"url\":\"\",\"contentUrl\":\"\"},{\"@type\":\"BreadcrumbList\",\"@id\":\"https:\\\/\\\/www.mmc.nl\\\/spoed\\\/nieuws\\\/2255\\\/regionaal-ic-cafe\\\/#breadcrumb\",\"itemListElement\":[{\"@type\":\"ListItem\",\"position\":1,\"name\":\"Spoed\",\"item\":\"https:\\\/\\\/www.mmc.nl\\\/spoed\\\/\"},{\"@type\":\"ListItem\",\"position\":2,\"name\":\"Regionaal IC-caf\u00e9\"}]},{\"@type\":\"WebSite\",\"@id\":\"https:\\\/\\\/www.mmc.nl\\\/spoed\\\/#website\",\"url\":\"https:\\\/\\\/www.mmc.nl\\\/spoed\\\/\",\"name\":\"Spoed\",\"description\":\"\",\"potentialAction\":[{\"@type\":\"SearchAction\",\"target\":{\"@type\":\"EntryPoint\",\"urlTemplate\":\"https:\\\/\\\/www.mmc.nl\\\/spoed\\\/?s={search_term_string}\"},\"query-input\":{\"@type\":\"PropertyValueSpecification\",\"valueRequired\":true,\"valueName\":\"search_term_string\"}}],\"inLanguage\":\"nl-NL\"},{\"@type\":\"Person\",\"@id\":\"https:\\\/\\\/www.mmc.nl\\\/spoed\\\/#\\\/schema\\\/person\\\/e8c0169f2ee02038681eb3fad603da36\",\"name\":\"stephangouw\",\"image\":{\"@type\":\"ImageObject\",\"inLanguage\":\"nl-NL\",\"@id\":\"https:\\\/\\\/secure.gravatar.com\\\/avatar\\\/bc741ef28bf7752c6191e6f3f26b9d05b6bf2fd559ebbbafe2c928ca4f7a6e12?s=96&d=mm&r=g\",\"url\":\"https:\\\/\\\/secure.gravatar.com\\\/avatar\\\/bc741ef28bf7752c6191e6f3f26b9d05b6bf2fd559ebbbafe2c928ca4f7a6e12?s=96&d=mm&r=g\",\"contentUrl\":\"https:\\\/\\\/secure.gravatar.com\\\/avatar\\\/bc741ef28bf7752c6191e6f3f26b9d05b6bf2fd559ebbbafe2c928ca4f7a6e12?s=96&d=mm&r=g\",\"caption\":\"stephangouw\"},\"url\":\"https:\\\/\\\/www.mmc.nl\\\/spoed\\\/nieuws\\\/author\\\/stephangouw\\\/\"}]}<\/script>\n<!-- \/ Yoast SEO Premium plugin. -->","yoast_head_json":{"title":"Regionaal IC-caf\u00e9 - Spoed","robots":{"index":"index","follow":"follow","max-snippet":"max-snippet:-1","max-image-preview":"max-image-preview:large","max-video-preview":"max-video-preview:-1"},"canonical":"https:\/\/www.mmc.nl\/spoed\/nieuws\/2255\/regionaal-ic-cafe\/","og_locale":"nl_NL","og_type":"article","og_title":"Regionaal IC-caf\u00e9","og_description":"Hoe geef je je leven weer vorm na een verblijf op de Intensive Care (IC)? Het verblijf op de IC kan voor veel pati\u00ebnten en hun naasten een heftige, emotionele gebeurtenis zijn, die ook na ontslag uit het ziekenhuis impact kan hebben. M\u00e1xima MC en het Catharina Ziekenhuis organiseren samen een IC-caf\u00e9. Tijdens het IC-caf\u00e9 [&hellip;]","og_url":"https:\/\/www.mmc.nl\/spoed\/nieuws\/2255\/regionaal-ic-cafe\/","og_site_name":"Spoed","article_published_time":"2026-01-08T09:03:29+00:00","article_modified_time":"2026-01-08T09:07:36+00:00","author":"stephangouw","twitter_card":"summary_large_image","twitter_misc":{"Geschreven door":"stephangouw","Geschatte leestijd":"2 minuten"},"schema":{"@context":"https:\/\/schema.org","@graph":[{"@type":"Article","@id":"https:\/\/www.mmc.nl\/spoed\/nieuws\/2255\/regionaal-ic-cafe\/#article","isPartOf":{"@id":"https:\/\/www.mmc.nl\/spoed\/nieuws\/2255\/regionaal-ic-cafe\/"},"author":{"name":"stephangouw","@id":"https:\/\/www.mmc.nl\/spoed\/#\/schema\/person\/e8c0169f2ee02038681eb3fad603da36"},"headline":"Regionaal IC-caf\u00e9","datePublished":"2026-01-08T09:03:29+00:00","dateModified":"2026-01-08T09:07:36+00:00","mainEntityOfPage":{"@id":"https:\/\/www.mmc.nl\/spoed\/nieuws\/2255\/regionaal-ic-cafe\/"},"wordCount":256,"image":{"@id":"https:\/\/www.mmc.nl\/spoed\/nieuws\/2255\/regionaal-ic-cafe\/#primaryimage"},"thumbnailUrl":"","articleSection":["Geen categorie"],"inLanguage":"nl-NL"},{"@type":"WebPage","@id":"https:\/\/www.mmc.nl\/spoed\/nieuws\/2255\/regionaal-ic-cafe\/","url":"https:\/\/www.mmc.nl\/spoed\/nieuws\/2255\/regionaal-ic-cafe\/","name":"Regionaal IC-caf\u00e9 - Spoed","isPartOf":{"@id":"https:\/\/www.mmc.nl\/spoed\/#website"},"primaryImageOfPage":{"@id":"https:\/\/www.mmc.nl\/spoed\/nieuws\/2255\/regionaal-ic-cafe\/#primaryimage"},"image":{"@id":"https:\/\/www.mmc.nl\/spoed\/nieuws\/2255\/regionaal-ic-cafe\/#primaryimage"},"thumbnailUrl":"","datePublished":"2026-01-08T09:03:29+00:00","dateModified":"2026-01-08T09:07:36+00:00","author":{"@id":"https:\/\/www.mmc.nl\/spoed\/#\/schema\/person\/e8c0169f2ee02038681eb3fad603da36"},"breadcrumb":{"@id":"https:\/\/www.mmc.nl\/spoed\/nieuws\/2255\/regionaal-ic-cafe\/#breadcrumb"},"inLanguage":"nl-NL","potentialAction":[{"@type":"ReadAction","target":["https:\/\/www.mmc.nl\/spoed\/nieuws\/2255\/regionaal-ic-cafe\/"]}]},{"@type":"ImageObject","inLanguage":"nl-NL","@id":"https:\/\/www.mmc.nl\/spoed\/nieuws\/2255\/regionaal-ic-cafe\/#primaryimage","url":"","contentUrl":""},{"@type":"BreadcrumbList","@id":"https:\/\/www.mmc.nl\/spoed\/nieuws\/2255\/regionaal-ic-cafe\/#breadcrumb","itemListElement":[{"@type":"ListItem","position":1,"name":"Spoed","item":"https:\/\/www.mmc.nl\/spoed\/"},{"@type":"ListItem","position":2,"name":"Regionaal IC-caf\u00e9"}]},{"@type":"WebSite","@id":"https:\/\/www.mmc.nl\/spoed\/#website","url":"https:\/\/www.mmc.nl\/spoed\/","name":"Spoed","description":"","potentialAction":[{"@type":"SearchAction","target":{"@type":"EntryPoint","urlTemplate":"https:\/\/www.mmc.nl\/spoed\/?s={search_term_string}"},"query-input":{"@type":"PropertyValueSpecification","valueRequired":true,"valueName":"search_term_string"}}],"inLanguage":"nl-NL"},{"@type":"Person","@id":"https:\/\/www.mmc.nl\/spoed\/#\/schema\/person\/e8c0169f2ee02038681eb3fad603da36","name":"stephangouw","image":{"@type":"ImageObject","inLanguage":"nl-NL","@id":"https:\/\/secure.gravatar.com\/avatar\/bc741ef28bf7752c6191e6f3f26b9d05b6bf2fd559ebbbafe2c928ca4f7a6e12?s=96&d=mm&r=g","url":"https:\/\/secure.gravatar.com\/avatar\/bc741ef28bf7752c6191e6f3f26b9d05b6bf2fd559ebbbafe2c928ca4f7a6e12?s=96&d=mm&r=g","contentUrl":"https:\/\/secure.gravatar.com\/avatar\/bc741ef28bf7752c6191e6f3f26b9d05b6bf2fd559ebbbafe2c928ca4f7a6e12?s=96&d=mm&r=g","caption":"stephangouw"},"url":"https:\/\/www.mmc.nl\/spoed\/nieuws\/author\/stephangouw\/"}]}},"_links":{"self":[{"href":"https:\/\/www.mmc.nl\/spoed\/wp-json\/wp\/v2\/posts\/2255","targetHints":{"allow":["GET"]}}],"collection":[{"href":"https:\/\/www.mmc.nl\/spoed\/wp-json\/wp\/v2\/posts"}],"about":[{"href":"https:\/\/www.mmc.nl\/spoed\/wp-json\/wp\/v2\/types\/post"}],"author":[{"embeddable":true,"href":"https:\/\/www.mmc.nl\/spoed\/wp-json\/wp\/v2\/users\/221"}],"replies":[{"embeddable":true,"href":"https:\/\/www.mmc.nl\/spoed\/wp-json\/wp\/v2\/comments?post=2255"}],"version-history":[{"count":3,"href":"https:\/\/www.mmc.nl\/spoed\/wp-json\/wp\/v2\/posts\/2255\/revisions"}],"predecessor-version":[{"id":2260,"href":"https:\/\/www.mmc.nl\/spoed\/wp-json\/wp\/v2\/posts\/2255\/revisions\/2260"}],"wp:featuredmedia":[{"embeddable":true,"href":"https:\/\/www.mmc.nl\/spoed\/wp-json\/"}],"wp:attachment":[{"href":"https:\/\/www.mmc.nl\/spoed\/wp-json\/wp\/v2\/media?parent=2255"}],"wp:term":[{"taxonomy":"category","embeddable":true,"href":"https:\/\/www.mmc.nl\/spoed\/wp-json\/wp\/v2\/categories?post=2255"},{"taxonomy":"post_tag","embeddable":true,"href":"https:\/\/www.mmc.nl\/spoed\/wp-json\/wp\/v2\/tags?post=2255"}],"curies":[{"name":"wp","href":"https:\/\/api.w.org\/{rel}","templated":true}]}}