{"id":3204,"date":"2021-03-18T15:48:54","date_gmt":"2021-03-18T14:48:54","guid":{"rendered":"https:\/\/www.mmc.nl\/verwijzers\/?p=3204"},"modified":"2021-03-18T15:53:01","modified_gmt":"2021-03-18T14:53:01","slug":"zorgpad-niet-specifieke-klacht-bij-ouderen-moet-zorg-verbeteren","status":"publish","type":"post","link":"https:\/\/www.mmc.nl\/verwijzers\/nieuws\/3204\/zorgpad-niet-specifieke-klacht-bij-ouderen-moet-zorg-verbeteren\/","title":{"rendered":"Zorgpad niet-specifieke klacht bij ouderen moet zorg verbeteren"},"content":{"rendered":"<p><strong>Een projectgroep binnen ketenorganisatie Netwerk Acute Zorg Brabant (NAZB) heeft een zorgpad opgesteld voor ouderen met niet-specifieke klachten op de spoedeisende hulp (SEH), wat op 1 april aanstaande in M\u00e1xima Medisch Centrum van start gaat.<\/strong><\/p>\n<p>Het zorgpad ouderen met niet-specifieke klachten op de SEH is onderdeel van een onderzoek waarbij onderzocht wordt of met de implementatie van het zorgpad de uitkomsten van oudere pati\u00ebnten met niet-specifieke klachten verbeteren, het zorgproces op de SEH effici\u00ebnter kan worden ingericht en daarmee de doorlooptijd op de SEH wordt verkort. Daarnaast wordt de pati\u00ebnttevredenheid gemeten.<\/p>\n<p><strong>Presentatie huisartsenkring Zuidoost-Brabant<br \/>\n<\/strong>Op 29 november 2019 hebben <a href=\"https:\/\/www.mmc.nl\/specialisten\/haak-prof-dr-h-r\/\" target=\"_blank\" rel=\"noopener\">Harm Haak<\/a>, internist acute geneeskunde M\u00e1xima MC en <a href=\"https:\/\/www.nazb.nl\/team\/eveline-du-cloo\" target=\"_blank\" rel=\"noopener\">Eveline du Cloo<\/a>, adviseur acute zorg Netwerk Acute Zorg Brabant, in de kringvergadering van de huisartsenkring Zuidoost-Brabant het onderzoek naar het zorgpad \u2018Ouderen met niet specifieke klachten op de SEH\u2019 toegelicht. Het onderzoek werd goed ontvangen en er werden door de aanwezige huisartsen goede suggesties gegeven om de huisartsen nog beter te ondersteunen bij de verwijzing naar het zorgpad. Deze suggesties zijn door de projectgroep van het onderzoek naar het zorgpad ter harte genomen en doorgevoerd. Waarvoor dank.<\/p>\n<p><strong>Verwijzing naar het zorgpad<br \/>\n<\/strong>Omdat het even geleden is dat u bent ge\u00efnformeerd over het zorgpad, nemen we u nog eens mee in de verwijzing naar het zorgpad \u2018Ouderen met niet specifieke klachten op de SEH\u2019. Op het moment dat de huisarts en\/of specialist ouderengeneeskunde de pati\u00ebnt van 70 jaar en ouder met acute niet-specifieke klachten \u00e9n een opnamereden naar de SEH verwijst, komt de pati\u00ebnt in aanmerking voor het zorgpad. De huisarts en\/of specialist ouderengeneeskunde kan de pati\u00ebnt met de diagnose \u2018niet-specifieke klacht\u2019 via bestaande kanalen zoals keteninformatiesystemen, telefonisch, per beveiligde e-mail of via ZorgDomein insturen.<\/p>\n<p>De medisch specialist op de SEH beoordeelt (i.s.m. de huisarts) of de pati\u00ebnt in aanmerking komt voor het zorgpad. Op de SEH wordt de pati\u00ebnt, waar mogelijk, door een zorgpad\/SEH-co\u00f6rdinator opgevangen en begeleid en worden de benodigde pati\u00ebntgegevens verzameld. Daarnaast monitort deze co\u00f6rdinator het proces rondom de pati\u00ebnt. De triagist of de SEH-verpleegkundige neemt de (digitale) APOP screening om kwetsbaarheid te meten af. De poortarts met ervaring in het zien van acute ouderen op de SEH (bijvoorbeeld SEH-arts, internist of geriater) onderzoekt de pati\u00ebnt. Uiteindelijk wordt de pati\u00ebnt binnen een acceptabele tijd naar de juiste vervolgzorg doorgestuurd.<\/p>\n<p><strong>Ondersteuning huisarts<br \/>\n<\/strong>Op basis van de suggesties die in de kringvergadering zijn gedaan, is het zakkaartje &#8211; wat de huisartsen helpt bij de verwijzing naar het zorgpad &#8211; opgenomen in de RTA App ZOB en is in ZorgDomein onder het specialisme geriatrie en\/of interne geneeskunde de verwijsafspraak zorgpad \u2018Ouderen met niet specifieke klachten op de SEH\u2019 opgenomen. Daarnaast\u00a0 zijn er digitale zakkaartjes (PDF) en papierenzakkaartjes beschikbaar.<\/p>\n<p>De verwachting is dat de verwijzing naar het zorgpad de huisarts niet meer tijd kost, omdat de pati\u00ebnt die aan de inclusiecriteria voldoet eenvoudig met een diagnose \u2018niet-specifieke klacht\u2019 kan worden verwezen.<\/p>\n<p><strong>Planning<br \/>\n<\/strong>We kunnen u melden dat we ondanks de coronapandemie kunnen starten met het zorgpad bij het Jeroen Bosch Ziekenhuis, M\u00e1xima MC (MMC), Catharina Ziekenhuis (CZE) en St. Anna Ziekenhuis. Inmiddels worden voor deze ziekenhuizen de gegevens voor de controlegroep verzameld. MMC zal als eerste starten met de implementatie van het zorgpad, en dit staat gepland op 1 april aanstaande. U kunt voor MMC dus vanaf 1 april verwijzen naar het zorgpad. De implementatie bij de andere ziekenhuizen zal in de daaropvolgende maanden volgen. Hierover wordt u nog nader ge\u00efnformeerd.<\/p>\n<p><strong>Meer informatie<br \/>\n<\/strong>Wilt u meer weten over het zorgpad of heeft u vragen en\/of opmerkingen? Neem dan contact op met Marleen van der Velde, arts-onderzoeker MMC (<a href=\"mailto:Marleen.van.der.Velde@mmc.nl\">Marleen.van.der.Velde@mmc.nl<\/a> of 06 23608751), Harm Haak, internist acute geneeskunde en hoofdonderzoeker MMC (<a href=\"mailto:h.haak@mmc.nl\">h.haak@mmc.nl<\/a> of 06-29525243) of Eveline du Cloo, adviseur acute zorg Netwerk Acute Zorg Brabant (<a href=\"mailto:e.ducloo@nazb.nl\">e.ducloo@nazb.nl<\/a> of 06-15518569).<\/p>\n","protected":false},"excerpt":{"rendered":"<p>Een projectgroep binnen ketenorganisatie Netwerk Acute Zorg Brabant (NAZB) heeft een zorgpad opgesteld voor ouderen met niet-specifieke klachten op de spoedeisende hulp (SEH), wat op 1 april aanstaande in M\u00e1xima Medisch Centrum van start gaat. Het zorgpad ouderen met niet-specifieke klachten op de SEH is onderdeel van een onderzoek waarbij onderzocht wordt of met de [&hellip;]<\/p>\n","protected":false},"author":11,"featured_media":3204,"comment_status":"closed","ping_status":"closed","sticky":false,"template":"","format":"standard","meta":{"_acf_changed":false,"ep_exclude_from_search":false,"footnotes":""},"categories":[1],"tags":[],"class_list":["post-3204","post","type-post","status-publish","format-standard","has-post-thumbnail","hentry","category-geen-categorie"],"acf":[],"yoast_head":"<!-- This site is optimized with the Yoast SEO Premium plugin v27.3 (Yoast SEO v27.3) - https:\/\/yoast.com\/product\/yoast-seo-premium-wordpress\/ -->\n<title>Zorgpad niet-specifieke klacht bij ouderen moet zorg verbeteren - Verwijzers<\/title>\n<meta name=\"robots\" content=\"index, follow, max-snippet:-1, max-image-preview:large, max-video-preview:-1\" \/>\n<link rel=\"canonical\" href=\"https:\/\/www.mmc.nl\/verwijzers\/nieuws\/3204\/zorgpad-niet-specifieke-klacht-bij-ouderen-moet-zorg-verbeteren\/\" \/>\n<meta property=\"og:locale\" content=\"nl_NL\" \/>\n<meta property=\"og:type\" content=\"article\" \/>\n<meta property=\"og:title\" content=\"Zorgpad niet-specifieke klacht bij ouderen moet zorg verbeteren\" \/>\n<meta property=\"og:description\" content=\"Een projectgroep binnen ketenorganisatie Netwerk Acute Zorg Brabant (NAZB) heeft een zorgpad opgesteld voor ouderen met niet-specifieke klachten op de spoedeisende hulp (SEH), wat op 1 april aanstaande in M\u00e1xima Medisch Centrum van start gaat. Het zorgpad ouderen met niet-specifieke klachten op de SEH is onderdeel van een onderzoek waarbij onderzocht wordt of met de [&hellip;]\" \/>\n<meta property=\"og:url\" content=\"https:\/\/www.mmc.nl\/verwijzers\/nieuws\/3204\/zorgpad-niet-specifieke-klacht-bij-ouderen-moet-zorg-verbeteren\/\" \/>\n<meta property=\"og:site_name\" content=\"Verwijzers\" \/>\n<meta property=\"article:published_time\" content=\"2021-03-18T14:48:54+00:00\" \/>\n<meta property=\"article:modified_time\" content=\"2021-03-18T14:53:01+00:00\" \/>\n<meta name=\"author\" content=\"hettievogel\" \/>\n<meta name=\"twitter:card\" content=\"summary_large_image\" \/>\n<meta name=\"twitter:label1\" content=\"Geschreven door\" \/>\n\t<meta name=\"twitter:data1\" content=\"hettievogel\" \/>\n\t<meta name=\"twitter:label2\" content=\"Geschatte leestijd\" \/>\n\t<meta name=\"twitter:data2\" content=\"3 minuten\" \/>\n<script type=\"application\/ld+json\" class=\"yoast-schema-graph\">{\"@context\":\"https:\\\/\\\/schema.org\",\"@graph\":[{\"@type\":\"Article\",\"@id\":\"https:\\\/\\\/www.mmc.nl\\\/verwijzers\\\/nieuws\\\/3204\\\/zorgpad-niet-specifieke-klacht-bij-ouderen-moet-zorg-verbeteren\\\/#article\",\"isPartOf\":{\"@id\":\"https:\\\/\\\/www.mmc.nl\\\/verwijzers\\\/nieuws\\\/3204\\\/zorgpad-niet-specifieke-klacht-bij-ouderen-moet-zorg-verbeteren\\\/\"},\"author\":{\"name\":\"hettievogel\",\"@id\":\"https:\\\/\\\/www.mmc.nl\\\/verwijzers\\\/#\\\/schema\\\/person\\\/b2d5abcb92b202f14bb51a3af0962f24\"},\"headline\":\"Zorgpad niet-specifieke klacht bij ouderen moet zorg verbeteren\",\"datePublished\":\"2021-03-18T14:48:54+00:00\",\"dateModified\":\"2021-03-18T14:53:01+00:00\",\"mainEntityOfPage\":{\"@id\":\"https:\\\/\\\/www.mmc.nl\\\/verwijzers\\\/nieuws\\\/3204\\\/zorgpad-niet-specifieke-klacht-bij-ouderen-moet-zorg-verbeteren\\\/\"},\"wordCount\":660,\"image\":{\"@id\":\"https:\\\/\\\/www.mmc.nl\\\/verwijzers\\\/nieuws\\\/3204\\\/zorgpad-niet-specifieke-klacht-bij-ouderen-moet-zorg-verbeteren\\\/#primaryimage\"},\"thumbnailUrl\":\"https:\\\/\\\/www.mmc.nl\\\/verwijzers\\\/wp-content\\\/uploads\\\/sites\\\/40\\\/2021\\\/03\\\/NAZB-logo.png\",\"articleSection\":[\"Geen categorie\"],\"inLanguage\":\"nl-NL\"},{\"@type\":\"WebPage\",\"@id\":\"https:\\\/\\\/www.mmc.nl\\\/verwijzers\\\/nieuws\\\/3204\\\/zorgpad-niet-specifieke-klacht-bij-ouderen-moet-zorg-verbeteren\\\/\",\"url\":\"https:\\\/\\\/www.mmc.nl\\\/verwijzers\\\/nieuws\\\/3204\\\/zorgpad-niet-specifieke-klacht-bij-ouderen-moet-zorg-verbeteren\\\/\",\"name\":\"Zorgpad niet-specifieke klacht bij ouderen moet zorg verbeteren - Verwijzers\",\"isPartOf\":{\"@id\":\"https:\\\/\\\/www.mmc.nl\\\/verwijzers\\\/#website\"},\"primaryImageOfPage\":{\"@id\":\"https:\\\/\\\/www.mmc.nl\\\/verwijzers\\\/nieuws\\\/3204\\\/zorgpad-niet-specifieke-klacht-bij-ouderen-moet-zorg-verbeteren\\\/#primaryimage\"},\"image\":{\"@id\":\"https:\\\/\\\/www.mmc.nl\\\/verwijzers\\\/nieuws\\\/3204\\\/zorgpad-niet-specifieke-klacht-bij-ouderen-moet-zorg-verbeteren\\\/#primaryimage\"},\"thumbnailUrl\":\"https:\\\/\\\/www.mmc.nl\\\/verwijzers\\\/wp-content\\\/uploads\\\/sites\\\/40\\\/2021\\\/03\\\/NAZB-logo.png\",\"datePublished\":\"2021-03-18T14:48:54+00:00\",\"dateModified\":\"2021-03-18T14:53:01+00:00\",\"author\":{\"@id\":\"https:\\\/\\\/www.mmc.nl\\\/verwijzers\\\/#\\\/schema\\\/person\\\/b2d5abcb92b202f14bb51a3af0962f24\"},\"breadcrumb\":{\"@id\":\"https:\\\/\\\/www.mmc.nl\\\/verwijzers\\\/nieuws\\\/3204\\\/zorgpad-niet-specifieke-klacht-bij-ouderen-moet-zorg-verbeteren\\\/#breadcrumb\"},\"inLanguage\":\"nl-NL\",\"potentialAction\":[{\"@type\":\"ReadAction\",\"target\":[\"https:\\\/\\\/www.mmc.nl\\\/verwijzers\\\/nieuws\\\/3204\\\/zorgpad-niet-specifieke-klacht-bij-ouderen-moet-zorg-verbeteren\\\/\"]}]},{\"@type\":\"ImageObject\",\"inLanguage\":\"nl-NL\",\"@id\":\"https:\\\/\\\/www.mmc.nl\\\/verwijzers\\\/nieuws\\\/3204\\\/zorgpad-niet-specifieke-klacht-bij-ouderen-moet-zorg-verbeteren\\\/#primaryimage\",\"url\":\"https:\\\/\\\/www.mmc.nl\\\/verwijzers\\\/wp-content\\\/uploads\\\/sites\\\/40\\\/2021\\\/03\\\/NAZB-logo.png\",\"contentUrl\":\"https:\\\/\\\/www.mmc.nl\\\/verwijzers\\\/wp-content\\\/uploads\\\/sites\\\/40\\\/2021\\\/03\\\/NAZB-logo.png\"},{\"@type\":\"BreadcrumbList\",\"@id\":\"https:\\\/\\\/www.mmc.nl\\\/verwijzers\\\/nieuws\\\/3204\\\/zorgpad-niet-specifieke-klacht-bij-ouderen-moet-zorg-verbeteren\\\/#breadcrumb\",\"itemListElement\":[{\"@type\":\"ListItem\",\"position\":1,\"name\":\"Verwijzers\",\"item\":\"https:\\\/\\\/www.mmc.nl\\\/verwijzers\\\/\"},{\"@type\":\"ListItem\",\"position\":2,\"name\":\"Zorgpad niet-specifieke klacht bij ouderen moet zorg verbeteren\"}]},{\"@type\":\"WebSite\",\"@id\":\"https:\\\/\\\/www.mmc.nl\\\/verwijzers\\\/#website\",\"url\":\"https:\\\/\\\/www.mmc.nl\\\/verwijzers\\\/\",\"name\":\"Verwijzers\",\"description\":\"\",\"potentialAction\":[{\"@type\":\"SearchAction\",\"target\":{\"@type\":\"EntryPoint\",\"urlTemplate\":\"https:\\\/\\\/www.mmc.nl\\\/verwijzers\\\/?s={search_term_string}\"},\"query-input\":{\"@type\":\"PropertyValueSpecification\",\"valueRequired\":true,\"valueName\":\"search_term_string\"}}],\"inLanguage\":\"nl-NL\"},{\"@type\":\"Person\",\"@id\":\"https:\\\/\\\/www.mmc.nl\\\/verwijzers\\\/#\\\/schema\\\/person\\\/b2d5abcb92b202f14bb51a3af0962f24\",\"name\":\"hettievogel\",\"image\":{\"@type\":\"ImageObject\",\"inLanguage\":\"nl-NL\",\"@id\":\"https:\\\/\\\/secure.gravatar.com\\\/avatar\\\/5611a545402e68304c69fd5bdc4a0ca854a7f74b70ff70e4c5818893e8e5624a?s=96&d=mm&r=g\",\"url\":\"https:\\\/\\\/secure.gravatar.com\\\/avatar\\\/5611a545402e68304c69fd5bdc4a0ca854a7f74b70ff70e4c5818893e8e5624a?s=96&d=mm&r=g\",\"contentUrl\":\"https:\\\/\\\/secure.gravatar.com\\\/avatar\\\/5611a545402e68304c69fd5bdc4a0ca854a7f74b70ff70e4c5818893e8e5624a?s=96&d=mm&r=g\",\"caption\":\"hettievogel\"},\"url\":\"https:\\\/\\\/www.mmc.nl\\\/verwijzers\\\/nieuws\\\/author\\\/hettievogel\\\/\"}]}<\/script>\n<!-- \/ Yoast SEO Premium plugin. -->","yoast_head_json":{"title":"Zorgpad niet-specifieke klacht bij ouderen moet zorg verbeteren - Verwijzers","robots":{"index":"index","follow":"follow","max-snippet":"max-snippet:-1","max-image-preview":"max-image-preview:large","max-video-preview":"max-video-preview:-1"},"canonical":"https:\/\/www.mmc.nl\/verwijzers\/nieuws\/3204\/zorgpad-niet-specifieke-klacht-bij-ouderen-moet-zorg-verbeteren\/","og_locale":"nl_NL","og_type":"article","og_title":"Zorgpad niet-specifieke klacht bij ouderen moet zorg verbeteren","og_description":"Een projectgroep binnen ketenorganisatie Netwerk Acute Zorg Brabant (NAZB) heeft een zorgpad opgesteld voor ouderen met niet-specifieke klachten op de spoedeisende hulp (SEH), wat op 1 april aanstaande in M\u00e1xima Medisch Centrum van start gaat. Het zorgpad ouderen met niet-specifieke klachten op de SEH is onderdeel van een onderzoek waarbij onderzocht wordt of met de [&hellip;]","og_url":"https:\/\/www.mmc.nl\/verwijzers\/nieuws\/3204\/zorgpad-niet-specifieke-klacht-bij-ouderen-moet-zorg-verbeteren\/","og_site_name":"Verwijzers","article_published_time":"2021-03-18T14:48:54+00:00","article_modified_time":"2021-03-18T14:53:01+00:00","author":"hettievogel","twitter_card":"summary_large_image","twitter_misc":{"Geschreven door":"hettievogel","Geschatte leestijd":"3 minuten"},"schema":{"@context":"https:\/\/schema.org","@graph":[{"@type":"Article","@id":"https:\/\/www.mmc.nl\/verwijzers\/nieuws\/3204\/zorgpad-niet-specifieke-klacht-bij-ouderen-moet-zorg-verbeteren\/#article","isPartOf":{"@id":"https:\/\/www.mmc.nl\/verwijzers\/nieuws\/3204\/zorgpad-niet-specifieke-klacht-bij-ouderen-moet-zorg-verbeteren\/"},"author":{"name":"hettievogel","@id":"https:\/\/www.mmc.nl\/verwijzers\/#\/schema\/person\/b2d5abcb92b202f14bb51a3af0962f24"},"headline":"Zorgpad niet-specifieke klacht bij ouderen moet zorg verbeteren","datePublished":"2021-03-18T14:48:54+00:00","dateModified":"2021-03-18T14:53:01+00:00","mainEntityOfPage":{"@id":"https:\/\/www.mmc.nl\/verwijzers\/nieuws\/3204\/zorgpad-niet-specifieke-klacht-bij-ouderen-moet-zorg-verbeteren\/"},"wordCount":660,"image":{"@id":"https:\/\/www.mmc.nl\/verwijzers\/nieuws\/3204\/zorgpad-niet-specifieke-klacht-bij-ouderen-moet-zorg-verbeteren\/#primaryimage"},"thumbnailUrl":"https:\/\/www.mmc.nl\/verwijzers\/wp-content\/uploads\/sites\/40\/2021\/03\/NAZB-logo.png","articleSection":["Geen categorie"],"inLanguage":"nl-NL"},{"@type":"WebPage","@id":"https:\/\/www.mmc.nl\/verwijzers\/nieuws\/3204\/zorgpad-niet-specifieke-klacht-bij-ouderen-moet-zorg-verbeteren\/","url":"https:\/\/www.mmc.nl\/verwijzers\/nieuws\/3204\/zorgpad-niet-specifieke-klacht-bij-ouderen-moet-zorg-verbeteren\/","name":"Zorgpad niet-specifieke klacht bij ouderen moet zorg verbeteren - Verwijzers","isPartOf":{"@id":"https:\/\/www.mmc.nl\/verwijzers\/#website"},"primaryImageOfPage":{"@id":"https:\/\/www.mmc.nl\/verwijzers\/nieuws\/3204\/zorgpad-niet-specifieke-klacht-bij-ouderen-moet-zorg-verbeteren\/#primaryimage"},"image":{"@id":"https:\/\/www.mmc.nl\/verwijzers\/nieuws\/3204\/zorgpad-niet-specifieke-klacht-bij-ouderen-moet-zorg-verbeteren\/#primaryimage"},"thumbnailUrl":"https:\/\/www.mmc.nl\/verwijzers\/wp-content\/uploads\/sites\/40\/2021\/03\/NAZB-logo.png","datePublished":"2021-03-18T14:48:54+00:00","dateModified":"2021-03-18T14:53:01+00:00","author":{"@id":"https:\/\/www.mmc.nl\/verwijzers\/#\/schema\/person\/b2d5abcb92b202f14bb51a3af0962f24"},"breadcrumb":{"@id":"https:\/\/www.mmc.nl\/verwijzers\/nieuws\/3204\/zorgpad-niet-specifieke-klacht-bij-ouderen-moet-zorg-verbeteren\/#breadcrumb"},"inLanguage":"nl-NL","potentialAction":[{"@type":"ReadAction","target":["https:\/\/www.mmc.nl\/verwijzers\/nieuws\/3204\/zorgpad-niet-specifieke-klacht-bij-ouderen-moet-zorg-verbeteren\/"]}]},{"@type":"ImageObject","inLanguage":"nl-NL","@id":"https:\/\/www.mmc.nl\/verwijzers\/nieuws\/3204\/zorgpad-niet-specifieke-klacht-bij-ouderen-moet-zorg-verbeteren\/#primaryimage","url":"https:\/\/www.mmc.nl\/verwijzers\/wp-content\/uploads\/sites\/40\/2021\/03\/NAZB-logo.png","contentUrl":"https:\/\/www.mmc.nl\/verwijzers\/wp-content\/uploads\/sites\/40\/2021\/03\/NAZB-logo.png"},{"@type":"BreadcrumbList","@id":"https:\/\/www.mmc.nl\/verwijzers\/nieuws\/3204\/zorgpad-niet-specifieke-klacht-bij-ouderen-moet-zorg-verbeteren\/#breadcrumb","itemListElement":[{"@type":"ListItem","position":1,"name":"Verwijzers","item":"https:\/\/www.mmc.nl\/verwijzers\/"},{"@type":"ListItem","position":2,"name":"Zorgpad niet-specifieke klacht bij ouderen moet zorg verbeteren"}]},{"@type":"WebSite","@id":"https:\/\/www.mmc.nl\/verwijzers\/#website","url":"https:\/\/www.mmc.nl\/verwijzers\/","name":"Verwijzers","description":"","potentialAction":[{"@type":"SearchAction","target":{"@type":"EntryPoint","urlTemplate":"https:\/\/www.mmc.nl\/verwijzers\/?s={search_term_string}"},"query-input":{"@type":"PropertyValueSpecification","valueRequired":true,"valueName":"search_term_string"}}],"inLanguage":"nl-NL"},{"@type":"Person","@id":"https:\/\/www.mmc.nl\/verwijzers\/#\/schema\/person\/b2d5abcb92b202f14bb51a3af0962f24","name":"hettievogel","image":{"@type":"ImageObject","inLanguage":"nl-NL","@id":"https:\/\/secure.gravatar.com\/avatar\/5611a545402e68304c69fd5bdc4a0ca854a7f74b70ff70e4c5818893e8e5624a?s=96&d=mm&r=g","url":"https:\/\/secure.gravatar.com\/avatar\/5611a545402e68304c69fd5bdc4a0ca854a7f74b70ff70e4c5818893e8e5624a?s=96&d=mm&r=g","contentUrl":"https:\/\/secure.gravatar.com\/avatar\/5611a545402e68304c69fd5bdc4a0ca854a7f74b70ff70e4c5818893e8e5624a?s=96&d=mm&r=g","caption":"hettievogel"},"url":"https:\/\/www.mmc.nl\/verwijzers\/nieuws\/author\/hettievogel\/"}]}},"_links":{"self":[{"href":"https:\/\/www.mmc.nl\/verwijzers\/wp-json\/wp\/v2\/posts\/3204","targetHints":{"allow":["GET"]}}],"collection":[{"href":"https:\/\/www.mmc.nl\/verwijzers\/wp-json\/wp\/v2\/posts"}],"about":[{"href":"https:\/\/www.mmc.nl\/verwijzers\/wp-json\/wp\/v2\/types\/post"}],"author":[{"embeddable":true,"href":"https:\/\/www.mmc.nl\/verwijzers\/wp-json\/wp\/v2\/users\/11"}],"replies":[{"embeddable":true,"href":"https:\/\/www.mmc.nl\/verwijzers\/wp-json\/wp\/v2\/comments?post=3204"}],"version-history":[{"count":3,"href":"https:\/\/www.mmc.nl\/verwijzers\/wp-json\/wp\/v2\/posts\/3204\/revisions"}],"predecessor-version":[{"id":3216,"href":"https:\/\/www.mmc.nl\/verwijzers\/wp-json\/wp\/v2\/posts\/3204\/revisions\/3216"}],"wp:featuredmedia":[{"embeddable":true,"href":"https:\/\/www.mmc.nl\/verwijzers\/wp-json\/wp\/v2\/posts\/3204"}],"wp:attachment":[{"href":"https:\/\/www.mmc.nl\/verwijzers\/wp-json\/wp\/v2\/media?parent=3204"}],"wp:term":[{"taxonomy":"category","embeddable":true,"href":"https:\/\/www.mmc.nl\/verwijzers\/wp-json\/wp\/v2\/categories?post=3204"},{"taxonomy":"post_tag","embeddable":true,"href":"https:\/\/www.mmc.nl\/verwijzers\/wp-json\/wp\/v2\/tags?post=3204"}],"curies":[{"name":"wp","href":"https:\/\/api.w.org\/{rel}","templated":true}]}}